{"id":112863,"date":"2018-07-26T09:45:18","date_gmt":"2018-07-26T12:45:18","guid":{"rendered":"http:\/\/diarioregionaljf.com.br\/?p=112863"},"modified":"2018-07-26T09:48:38","modified_gmt":"2018-07-26T12:48:38","slug":"ministerio-da-saude-confirma-822-casos-de-sarampo-no-brasil","status":"publish","type":"post","link":"https:\/\/diarioregionaldigital.com.br\/?p=112863","title":{"rendered":"Minist\u00e9rio da Sa\u00fade confirma 822 casos de sarampo no Brasil"},"content":{"rendered":"<p>O Minist\u00e9rio da Sa\u00fade atualizou nessa quarta-feira, 25, as informa\u00e7\u00f5es repassadas pelas secretarias estaduais de sa\u00fade sobre a situa\u00e7\u00e3o do sarampo no pa\u00eds. Atualmente, o pa\u00eds enfrenta dois surtos de sarampo, em Roraima e Amazonas. No entanto, os surtos est\u00e3o relacionados \u00e0 importa\u00e7\u00e3o. Isso ficou comprovado pelo gen\u00f3tipo do v\u00edrus (D8) que foi identificado, que \u00e9 o mesmo que circula na Venezuela. At\u00e9 o dia 17 de julho, foram confirmados 519 casos de sarampo no Amazonas, 3.725 permanecem em investiga\u00e7\u00e3o. O estado de Roraima confirmou 272 casos da doen\u00e7a e 106 continuam em investiga\u00e7\u00e3o.<\/p>\n<p>Al\u00e9m disso, alguns casos isolados e relacionados \u00e0 importa\u00e7\u00e3o foram identificados nos estados de S\u00e3o Paulo (1), Rio de Janeiro (14); Rio Grande do Sul (13); Rond\u00f4nia (1) e Par\u00e1 (2). O Minist\u00e9rio da Sa\u00fade permanece acompanhando a situa\u00e7\u00e3o e prestando o apoio necess\u00e1rio ao Estado. Cabe esclarecer que as medidas de bloqueio de vacina\u00e7\u00e3o, mesmo em casos suspeitos, est\u00e3o sendo realizadas em todos os estados.<\/p>\n<p>&nbsp;<\/p>\n<p><strong><span style=\"font-size: 12pt;\">ELIMINA\u00c7\u00c3O DO SARAMPO<\/span><\/strong><\/p>\n<p>Em 2016, o Brasil recebeu da Organiza\u00e7\u00e3o Pan-Americana da Sa\u00fade o certificado de elimina\u00e7\u00e3o da circula\u00e7\u00e3o do v\u00edrus do sarampo, e atualmente empreende esfor\u00e7os para manter o certificado, interromper a transmiss\u00e3o dos surtos e impedir que se estabele\u00e7a a transmiss\u00e3o sustentada. Para ser considerada transmiss\u00e3o sustentada, seria preciso a ocorr\u00eancia do mesmo surto por mais de 12 meses.<\/p>\n<p>Entre 2013 e 2015, ocorreram surtos decorrentes de pacientes vindos de outros pa\u00edses, sendo registrados neste per\u00edodo 1.310 casos da doen\u00e7a. O maior n\u00famero de casos foi registrado nos estados de Pernambuco e Cear\u00e1.<\/p>\n<p>Nos surtos de sarampo ocorridos no Cear\u00e1 e em Pernambuco entre 2013 e 2015, as a\u00e7\u00f5es de bloqueio e campanha de vacina\u00e7\u00e3o foram realizadas pelo Minist\u00e9rio da Sa\u00fade &#8211; em conjunto com os estados e munic\u00edpios &#8211; foram eficientes e resultaram na interrup\u00e7\u00e3o da transmiss\u00e3o da doen\u00e7a. Em 2017, casos de sarampo em venezuelanos que adentraram no estado de Roraima foram confirmados, ocasionando um surto da doen\u00e7a no estado, com amplia\u00e7\u00e3o de casos da doen\u00e7a para Manaus em 2018. O Minist\u00e9rio da Sa\u00fade permanece monitorando a situa\u00e7\u00e3o do sarampo em todo o pa\u00eds, especialmente em Roraima e no Amazonas, e as medidas de controle e preven\u00e7\u00e3o j\u00e1 est\u00e3o sendo realizadas.<\/p>\n<p>&nbsp;<\/p>\n<p><strong><span style=\"font-size: 12pt;\">ESQUEMA VACINAL<\/span><\/strong><\/p>\n<p>O Minist\u00e9rio da Sa\u00fade oferta gratuitamente para todos os estados do pa\u00eds as vacinas tr\u00edplice viral (sarampo, rub\u00e9ola e caxumba) e a tetra viral (sarampo, rub\u00e9ola, caxumba e varicela). As vacinas fazem parte do Calend\u00e1rio Nacional de Vacina\u00e7\u00e3o e est\u00e3o dispon\u00edveis ao longo de todo o ano nos postos de sa\u00fade em todo o pa\u00eds.<\/p>\n<p>\u00c9 importante ressaltar que n\u00e3o h\u00e1 necessidade de corrida aos postos de sa\u00fade, j\u00e1 que as a\u00e7\u00f5es para controle do surto da doen\u00e7a, como bloqueio vacinal, nas localidades acometidas por casos de sarampo est\u00e3o sendo realizadas com rigor. Neste momento, o Minist\u00e9rio da Sa\u00fade est\u00e1 intensificando a vacina\u00e7\u00e3o das crian\u00e7as, p\u00fablico mais suscet\u00edvel \u00e0 doen\u00e7a. Entretanto, adultos n\u00e3o vacinados devem receber a vacina prioritariamente em locais onde h\u00e1 surto da doen\u00e7a, como em Roraima e Manaus (AM). Pessoas que j\u00e1 completaram o esquema, conforme preconizado para sua faixa et\u00e1ria, n\u00e3o precisam novamente receber a vacina.<\/p>\n<p>&nbsp;<\/p>\n<p><strong>Crian\u00e7as<\/strong>:<\/p>\n<p>&nbsp;<\/p>\n<ul>\n<li><strong>12 meses a menores de 5 anos de idade<\/strong>: uma dose aos 12 meses (tr\u00edplice viral) e outra aos 15 meses de idade (tetra viral).<\/li>\n<li><strong>5 anos a 9 anos de idade que perderam a oportunidade de serem vacinadas anteriormente<\/strong>:duas doses da vacina tr\u00edplice com intervalo de 30 dias entre as doses.<\/li>\n<\/ul>\n<p>&nbsp;<\/p>\n<p><strong><span style=\"font-size: 12pt;\">CAMPANHA NACIONAL DE VACINA\u00c7\u00c3O<\/span><\/strong><\/p>\n<p>Ser\u00e1 realizada entre 6 e 31 de agosto, sendo o dia D no s\u00e1bado, 18 de agosto. O p\u00fablico-alvo desta estrat\u00e9gia s\u00e3o as crian\u00e7as de 1 ano a menores de 5 anos. Os detalhes ser\u00e3o divulgados em coletiva de imprensa, mais pr\u00f3ximo \u00e0 data do lan\u00e7amento da campanha.<\/p>\n<p>&nbsp;<\/p>\n<p><strong><span style=\"font-size: 12pt;\">A\u00c7\u00d5ES CONTRA O SARAMPO<\/span><\/strong><\/p>\n<p>Desde fevereiro, o Minist\u00e9rio Sa\u00fade tem mantido equipes t\u00e9cnicas nos estados do Amazonas e Roraima para apoiar, acompanhar as a\u00e7\u00f5es e prestar orienta\u00e7\u00e3o no enfrentamento da situa\u00e7\u00e3o. A pasta tem qualificado profissionais de sa\u00fade com o objetivo de possibilitar a identifica\u00e7\u00e3o de sinais e sintomas que definem um caso suspeito de sarampo, al\u00e9m da ado\u00e7\u00e3o de outras a\u00e7\u00f5es de vigil\u00e2ncia epidemiol\u00f3gica de forma oportuna.<\/p>\n<p>Al\u00e9m disso, o Minist\u00e9rio da Sa\u00fade apoiou os gestores locais dos dois estados na revis\u00e3o de prontu\u00e1rios e fichas de atendimento, com o intuito de encontrar casos de sarampo que n\u00e3o tenham sido identificados oportunamente e descartar casos suspeitos que n\u00e3o se encaixem na defini\u00e7\u00e3o de caso. Tamb\u00e9m foi realizada intensifica\u00e7\u00e3o vacinal nos estrangeiros presentes no posto da Pol\u00edcia Federal, em Roraima.<\/p>\n<p>Foi elaborado, ainda, um plano de fortalecimento da vigil\u00e2ncia epidemiol\u00f3gica do sarampo no estado do Amazonas, considerando eixos priorit\u00e1rios de atua\u00e7\u00e3o: munic\u00edpios com mais de 75 mil habitantes, Regi\u00e3o Metropolitana de Manaus, Munic\u00edpios Sede de DSEI, Munic\u00edpios de fronteira com outros pa\u00edses, Munic\u00edpios Polo e Comunica\u00e7\u00e3o. Para o enfrentamento da situa\u00e7\u00e3o do sarampo no estado do Amazonas, est\u00e3o em andamento o bloqueio vacinal, a intensifica\u00e7\u00e3o vacinal, a varredura (vacina\u00e7\u00e3o casa a casa), assim como estrat\u00e9gias de isolamento de casos suspeitos\/confirmados durante o per\u00edodo de transmissibilidade.<\/p>\n<p>&nbsp;<\/p>\n<p><span style=\"font-size: 12pt;\"><strong>COBERTURA VACINAL<\/strong><\/span><\/p>\n<p>A meta de vacina\u00e7\u00e3o contra o sarampo \u00e9 de 95%. Em 2017, dados preliminares apontam que a cobertura no Brasil foi de 85,21% na primeira dose (tr\u00edplice viral) e de 69,95% na segunda dose (tetra viral).<\/p>\n<p>&nbsp;<\/p>\n<p><strong>Fonte: Minist\u00e9rio da Sa\u00fade<\/strong><\/p>\n","protected":false},"excerpt":{"rendered":"<p>O Minist\u00e9rio da Sa\u00fade atualizou nessa quarta-feira, 25, as informa\u00e7\u00f5es repassadas pelas secretarias estaduais de sa\u00fade sobre a situa\u00e7\u00e3o do sarampo no pa\u00eds. Atualmente, o pa\u00eds enfrenta dois surtos de sarampo, em Roraima e Amazonas. No entanto, os surtos est\u00e3o relacionados \u00e0 importa\u00e7\u00e3o. Isso ficou comprovado pelo gen\u00f3tipo do v\u00edrus (D8) que foi identificado, que [&hellip;]<\/p>\n","protected":false},"author":96,"featured_media":112864,"comment_status":"closed","ping_status":"closed","sticky":false,"template":"","format":"standard","meta":{"footnotes":""},"categories":[302,436,439],"tags":[],"class_list":["post-112863","post","type-post","status-publish","format-standard","has-post-thumbnail","hentry","category-brasil-mundo","category-destaque-da-semana","category-ultima-hora"],"_links":{"self":[{"href":"https:\/\/diarioregionaldigital.com.br\/index.php?rest_route=\/wp\/v2\/posts\/112863","targetHints":{"allow":["GET"]}}],"collection":[{"href":"https:\/\/diarioregionaldigital.com.br\/index.php?rest_route=\/wp\/v2\/posts"}],"about":[{"href":"https:\/\/diarioregionaldigital.com.br\/index.php?rest_route=\/wp\/v2\/types\/post"}],"author":[{"embeddable":true,"href":"https:\/\/diarioregionaldigital.com.br\/index.php?rest_route=\/wp\/v2\/users\/96"}],"replies":[{"embeddable":true,"href":"https:\/\/diarioregionaldigital.com.br\/index.php?rest_route=%2Fwp%2Fv2%2Fcomments&post=112863"}],"version-history":[{"count":0,"href":"https:\/\/diarioregionaldigital.com.br\/index.php?rest_route=\/wp\/v2\/posts\/112863\/revisions"}],"wp:featuredmedia":[{"embeddable":true,"href":"https:\/\/diarioregionaldigital.com.br\/index.php?rest_route=\/wp\/v2\/media\/112864"}],"wp:attachment":[{"href":"https:\/\/diarioregionaldigital.com.br\/index.php?rest_route=%2Fwp%2Fv2%2Fmedia&parent=112863"}],"wp:term":[{"taxonomy":"category","embeddable":true,"href":"https:\/\/diarioregionaldigital.com.br\/index.php?rest_route=%2Fwp%2Fv2%2Fcategories&post=112863"},{"taxonomy":"post_tag","embeddable":true,"href":"https:\/\/diarioregionaldigital.com.br\/index.php?rest_route=%2Fwp%2Fv2%2Ftags&post=112863"}],"curies":[{"name":"wp","href":"https:\/\/api.w.org\/{rel}","templated":true}]}}