{"id":112860,"date":"2018-07-26T08:45:35","date_gmt":"2018-07-26T11:45:35","guid":{"rendered":"http:\/\/diarioregionaljf.com.br\/?p=112860"},"modified":"2018-07-26T08:47:18","modified_gmt":"2018-07-26T11:47:18","slug":"pec-do-piso-da-educacao-e-aprovada-em-plenario-na-almg","status":"publish","type":"post","link":"https:\/\/diarioregionaldigital.com.br\/?p=112860","title":{"rendered":"PEC do piso da educa\u00e7\u00e3o \u00e9 aprovada em Plen\u00e1rio na ALMG"},"content":{"rendered":"<p>A <a href=\"https:\/\/www.almg.gov.br\/atividade_parlamentar\/tramitacao_projetos\/interna.html?a=2018&amp;n=49&amp;t=PEC\" target=\"_blank\" rel=\"noopener\">Proposta de Emenda \u00e0 Constitui\u00e7\u00e3o (PEC) 49\/18<\/a>, que prev\u00ea o pagamento do piso nacional da educa\u00e7\u00e3o aos servidores estaduais da \u00e1rea, foi <a href=\"https:\/\/www.almg.gov.br\/atividade_parlamentar\/plenario\/interna.html?tipo=res&amp;dDet=25|07|2018&amp;hDet=09:30&amp;aba=resultado\" target=\"_blank\" rel=\"noopener\">aprovada em 2\u00b0 turn<\/a>o no Plen\u00e1rio da Assembleia Legislativa de Minas Gerais (ALMG).<\/p>\n<p>Na manh\u00e3 dessa quarta-feira, 25, a mat\u00e9ria foi aprovada na forma do vencido (texto aprovado com altera\u00e7\u00f5es em 1\u00ba turno) com a emenda n\u00ba 1, apresentada em 2\u00ba turno pela Comiss\u00e3o Especial que analisou a proposta.<\/p>\n<p>A vota\u00e7\u00e3o aconteceu com as galerias da Casa Legislativa cheias. Profissionais da educa\u00e7\u00e3o estavam presentes e pressionaram pela aprova\u00e7\u00e3o da PEC.<\/p>\n<p>Assim, os 68 votos dos presentes foram favor\u00e1veis e, ap\u00f3s a vota\u00e7\u00e3o, parlamentares da situa\u00e7\u00e3o e da oposi\u00e7\u00e3o fizeram declara\u00e7\u00e3o de voto e parabenizaram os trabalhadores da educa\u00e7\u00e3o.<\/p>\n<p>De autoria do deputado Rog\u00e9rio Correia (PT) e de outros 72 deputados, a proposi\u00e7\u00e3o determina que o vencimento inicial das carreiras dos profissionais de magist\u00e9rio da educa\u00e7\u00e3o b\u00e1sica n\u00e3o ser\u00e1 inferior ao valor integral vigente.<\/p>\n<p>Os valores devidos aos servidores estaduais da \u00e1rea dever\u00e3o ser atualizados anualmente de acordo com as atualiza\u00e7\u00f5es do piso salarial profissional nacional do magist\u00e9rio p\u00fablico da educa\u00e7\u00e3o b\u00e1sica, previsto no inciso VIII do caput do artigo 206 da Constitui\u00e7\u00e3o da Rep\u00fablica.<\/p>\n<p>O piso ser\u00e1 pago a servidores com jornada de 24 horas semanais, j\u00e1 que a emenda aprovada altera o termo \u201choras-aula\u201d do texto do vencido por \u201choras&#8221;, sem preju\u00edzo de revis\u00e3o geral ou outros reajustes. A norma valer\u00e1 para as seguintes carreiras:<\/p>\n<p>&nbsp;<\/p>\n<p>&#8211; Professor de Educa\u00e7\u00e3o B\u00e1sica (PEB);<\/p>\n<p>&nbsp;<\/p>\n<p>&#8211; Especialista em Educa\u00e7\u00e3o B\u00e1sica (EEB);<\/p>\n<p>&nbsp;<\/p>\n<p>&#8211; Analista de Educa\u00e7\u00e3o B\u00e1sica (AEB);<\/p>\n<p>&nbsp;<\/p>\n<p>&#8211; Assistente T\u00e9cnico de Educa\u00e7\u00e3o B\u00e1sica (ATB);<\/p>\n<p>&nbsp;<\/p>\n<p>&#8211; T\u00e9cnico da Educa\u00e7\u00e3o (TDE);<\/p>\n<p>&nbsp;<\/p>\n<p>&#8211; Analista Educacional (ANE);<\/p>\n<p>&nbsp;<\/p>\n<p>&#8211; Assistente de Educa\u00e7\u00e3o (ASE);e<\/p>\n<p>&nbsp;<\/p>\n<p>&#8211; Auxiliar de Servi\u00e7os de Educa\u00e7\u00e3o B\u00e1sica (ASB)<\/p>\n<p>&nbsp;<\/p>\n<p>No fim da manh\u00e3, ainda durante a Reuni\u00e3o Extraordin\u00e1ria, o parecer de reda\u00e7\u00e3o final da PEC foi aprovado. Conforme prev\u00ea o Regimento Interno da ALMG, a proposta deve ser promulgada pela Mesa da Assembleia no prazo de cinco dias \u00fateis, contados da aprova\u00e7\u00e3o em reda\u00e7\u00e3o final da PEC.<\/p>\n<p>&nbsp;<\/p>\n<p><strong>Fonte: Assessoria ALMG<\/strong><\/p>\n","protected":false},"excerpt":{"rendered":"<p>A Proposta de Emenda \u00e0 Constitui\u00e7\u00e3o (PEC) 49\/18, que prev\u00ea o pagamento do piso nacional da educa\u00e7\u00e3o aos servidores estaduais da \u00e1rea, foi aprovada em 2\u00b0 turno no Plen\u00e1rio da Assembleia Legislativa de Minas Gerais (ALMG). Na manh\u00e3 dessa quarta-feira, 25, a mat\u00e9ria foi aprovada na forma do vencido (texto aprovado com altera\u00e7\u00f5es em 1\u00ba [&hellip;]<\/p>\n","protected":false},"author":96,"featured_media":112861,"comment_status":"closed","ping_status":"closed","sticky":false,"template":"","format":"standard","meta":{"footnotes":""},"categories":[436,254,439],"tags":[],"class_list":["post-112860","post","type-post","status-publish","format-standard","has-post-thumbnail","hentry","category-destaque-da-semana","category-politica","category-ultima-hora"],"_links":{"self":[{"href":"https:\/\/diarioregionaldigital.com.br\/index.php?rest_route=\/wp\/v2\/posts\/112860","targetHints":{"allow":["GET"]}}],"collection":[{"href":"https:\/\/diarioregionaldigital.com.br\/index.php?rest_route=\/wp\/v2\/posts"}],"about":[{"href":"https:\/\/diarioregionaldigital.com.br\/index.php?rest_route=\/wp\/v2\/types\/post"}],"author":[{"embeddable":true,"href":"https:\/\/diarioregionaldigital.com.br\/index.php?rest_route=\/wp\/v2\/users\/96"}],"replies":[{"embeddable":true,"href":"https:\/\/diarioregionaldigital.com.br\/index.php?rest_route=%2Fwp%2Fv2%2Fcomments&post=112860"}],"version-history":[{"count":0,"href":"https:\/\/diarioregionaldigital.com.br\/index.php?rest_route=\/wp\/v2\/posts\/112860\/revisions"}],"wp:featuredmedia":[{"embeddable":true,"href":"https:\/\/diarioregionaldigital.com.br\/index.php?rest_route=\/wp\/v2\/media\/112861"}],"wp:attachment":[{"href":"https:\/\/diarioregionaldigital.com.br\/index.php?rest_route=%2Fwp%2Fv2%2Fmedia&parent=112860"}],"wp:term":[{"taxonomy":"category","embeddable":true,"href":"https:\/\/diarioregionaldigital.com.br\/index.php?rest_route=%2Fwp%2Fv2%2Fcategories&post=112860"},{"taxonomy":"post_tag","embeddable":true,"href":"https:\/\/diarioregionaldigital.com.br\/index.php?rest_route=%2Fwp%2Fv2%2Ftags&post=112860"}],"curies":[{"name":"wp","href":"https:\/\/api.w.org\/{rel}","templated":true}]}}