{"id":112857,"date":"2018-07-26T08:35:31","date_gmt":"2018-07-26T11:35:31","guid":{"rendered":"http:\/\/diarioregionaljf.com.br\/?p=112857"},"modified":"2018-07-26T08:35:51","modified_gmt":"2018-07-26T11:35:51","slug":"presidente-do-tse-fala-sobre-desafios-das-eleicoes-2018","status":"publish","type":"post","link":"https:\/\/diarioregionaldigital.com.br\/?p=112857","title":{"rendered":"Presidente do TSE fala sobre desafios das Elei\u00e7\u00f5es 2018"},"content":{"rendered":"<p>Ao participar do lan\u00e7amento do programa Justi\u00e7a Eleitoral Itinerante no estado de Goi\u00e1s, o presidente do Tribunal Superior Eleitoral (TSE), ministro Luiz Fux, falou sobre os desafios para as Elei\u00e7\u00f5es 2018. Para o ministro, o combate \u00e0 dissemina\u00e7\u00e3o de not\u00edcias falsas \u00e9 central. Ele informou que, entre as medidas adotadas pela Justi\u00e7a Eleitoral, est\u00e3o as parcerias em que partidos pol\u00edticos, imprensa e marqueteiros se comprometem em divulgar a verdade dos fatos ao longo da campanha deste ano.<\/p>\n<p>\u201c\u00c9 imoral ganhar uma elei\u00e7\u00e3o destruindo a imagem alheia. \u00c9 preciso ganhar por meios democr\u00e1ticos baseados no princ\u00edpio da legalidade\u201d, enfatizou o presidente.<\/p>\n<p>Fux disse contar com o apoio e bom-senso da pr\u00f3pria sociedade, que deve checar as not\u00edcias junto a fontes confi\u00e1veis para, eventualmente, compartilhar.\u00a0 \u201cN\u00e3o queremos que uma propaganda enganosa possa causar um dano irrevers\u00edvel a um candidato\u201d, disse o ministro.<\/p>\n<p>Outros temas que ele citou como novidades para o pleito deste ano s\u00e3o referentes ao financiamento das campanhas, que contar\u00e3o com o Fundo Eleitoral e com o financiamento coletivo (crowdfunding).<\/p>\n<p>O presidente ressaltou, ainda, que \u00e9 importante que haja o cumprimento integral da Lei da Ficha Limpa (Lei Complementar n\u00ba 135\/2010), que impede pessoas condenadas a partir da segunda inst\u00e2ncia de concorrer a cargos eletivos.<\/p>\n<p>\u201cRevolu\u00e7\u00e3o \u00e9tica s\u00f3 ocorrer\u00e1 se soubermos exercer um dos mais expressivos direitos derivados da democracia, que \u00e9 o direito de votar. Para que isso ocorra, \u00e9 preciso que conhe\u00e7amos a vida pregressa dos candidatos\u201d, concluiu.<\/p>\n<p>&nbsp;<\/p>\n<p><strong>Fonte: TSE<\/strong><\/p>\n","protected":false},"excerpt":{"rendered":"<p>Ao participar do lan\u00e7amento do programa Justi\u00e7a Eleitoral Itinerante no estado de Goi\u00e1s, o presidente do Tribunal Superior Eleitoral (TSE), ministro Luiz Fux, falou sobre os desafios para as Elei\u00e7\u00f5es 2018. Para o ministro, o combate \u00e0 dissemina\u00e7\u00e3o de not\u00edcias falsas \u00e9 central. Ele informou que, entre as medidas adotadas pela Justi\u00e7a Eleitoral, est\u00e3o as [&hellip;]<\/p>\n","protected":false},"author":96,"featured_media":112858,"comment_status":"closed","ping_status":"closed","sticky":false,"template":"","format":"standard","meta":{"footnotes":""},"categories":[254,439],"tags":[],"class_list":["post-112857","post","type-post","status-publish","format-standard","has-post-thumbnail","hentry","category-politica","category-ultima-hora"],"_links":{"self":[{"href":"https:\/\/diarioregionaldigital.com.br\/index.php?rest_route=\/wp\/v2\/posts\/112857","targetHints":{"allow":["GET"]}}],"collection":[{"href":"https:\/\/diarioregionaldigital.com.br\/index.php?rest_route=\/wp\/v2\/posts"}],"about":[{"href":"https:\/\/diarioregionaldigital.com.br\/index.php?rest_route=\/wp\/v2\/types\/post"}],"author":[{"embeddable":true,"href":"https:\/\/diarioregionaldigital.com.br\/index.php?rest_route=\/wp\/v2\/users\/96"}],"replies":[{"embeddable":true,"href":"https:\/\/diarioregionaldigital.com.br\/index.php?rest_route=%2Fwp%2Fv2%2Fcomments&post=112857"}],"version-history":[{"count":0,"href":"https:\/\/diarioregionaldigital.com.br\/index.php?rest_route=\/wp\/v2\/posts\/112857\/revisions"}],"wp:featuredmedia":[{"embeddable":true,"href":"https:\/\/diarioregionaldigital.com.br\/index.php?rest_route=\/wp\/v2\/media\/112858"}],"wp:attachment":[{"href":"https:\/\/diarioregionaldigital.com.br\/index.php?rest_route=%2Fwp%2Fv2%2Fmedia&parent=112857"}],"wp:term":[{"taxonomy":"category","embeddable":true,"href":"https:\/\/diarioregionaldigital.com.br\/index.php?rest_route=%2Fwp%2Fv2%2Fcategories&post=112857"},{"taxonomy":"post_tag","embeddable":true,"href":"https:\/\/diarioregionaldigital.com.br\/index.php?rest_route=%2Fwp%2Fv2%2Ftags&post=112857"}],"curies":[{"name":"wp","href":"https:\/\/api.w.org\/{rel}","templated":true}]}}