{"id":112852,"date":"2018-07-26T08:13:00","date_gmt":"2018-07-26T11:13:00","guid":{"rendered":"http:\/\/diarioregionaljf.com.br\/?p=112852"},"modified":"2018-07-26T08:13:49","modified_gmt":"2018-07-26T11:13:49","slug":"rapaz-e-morto-a-tiros-no-bela-aurora","status":"publish","type":"post","link":"https:\/\/diarioregionaldigital.com.br\/?p=112852","title":{"rendered":"Rapaz \u00e9 morto a tiros no Bela Aurora"},"content":{"rendered":"<p>Um rapaz de 28 anos foi morto a tiros na Rua Silvino Augusto Moreira, no bairro Bela Aurora, Zona Sul de JF, na manh\u00e3 dessa quarta-feira, 25.<\/p>\n<p>De acordo com registro de ocorr\u00eancia da Pol\u00edcia Militar (PM), a v\u00edtima foi alvejada por quatro disparos de arma de fogo e morreu no local. A per\u00edcia t\u00e9cnica foi acionada e ap\u00f3s os trabalhos de praxe liberou o corpo, que foi removido para o Instituto M\u00e9dico Legal (IML).<\/p>\n<p>Ainda conforme a PM, o rapaz tinha envolvimento com o tr\u00e1fico de drogas. Os militares n\u00e3o foram informados sobre a autoria e as motiva\u00e7\u00f5es do homic\u00eddio.<\/p>\n","protected":false},"excerpt":{"rendered":"<p>Um rapaz de 28 anos foi morto a tiros na Rua Silvino Augusto Moreira, no bairro Bela Aurora, Zona Sul de JF, na manh\u00e3 dessa quarta-feira, 25. De acordo com registro de ocorr\u00eancia da Pol\u00edcia Militar (PM), a v\u00edtima foi alvejada por quatro disparos de arma de fogo e morreu no local. A per\u00edcia t\u00e9cnica [&hellip;]<\/p>\n","protected":false},"author":96,"featured_media":95836,"comment_status":"closed","ping_status":"closed","sticky":false,"template":"","format":"standard","meta":{"footnotes":""},"categories":[301,439],"tags":[],"class_list":["post-112852","post","type-post","status-publish","format-standard","has-post-thumbnail","hentry","category-artigos-policiais","category-ultima-hora"],"_links":{"self":[{"href":"https:\/\/diarioregionaldigital.com.br\/index.php?rest_route=\/wp\/v2\/posts\/112852","targetHints":{"allow":["GET"]}}],"collection":[{"href":"https:\/\/diarioregionaldigital.com.br\/index.php?rest_route=\/wp\/v2\/posts"}],"about":[{"href":"https:\/\/diarioregionaldigital.com.br\/index.php?rest_route=\/wp\/v2\/types\/post"}],"author":[{"embeddable":true,"href":"https:\/\/diarioregionaldigital.com.br\/index.php?rest_route=\/wp\/v2\/users\/96"}],"replies":[{"embeddable":true,"href":"https:\/\/diarioregionaldigital.com.br\/index.php?rest_route=%2Fwp%2Fv2%2Fcomments&post=112852"}],"version-history":[{"count":0,"href":"https:\/\/diarioregionaldigital.com.br\/index.php?rest_route=\/wp\/v2\/posts\/112852\/revisions"}],"wp:featuredmedia":[{"embeddable":true,"href":"https:\/\/diarioregionaldigital.com.br\/index.php?rest_route=\/wp\/v2\/media\/95836"}],"wp:attachment":[{"href":"https:\/\/diarioregionaldigital.com.br\/index.php?rest_route=%2Fwp%2Fv2%2Fmedia&parent=112852"}],"wp:term":[{"taxonomy":"category","embeddable":true,"href":"https:\/\/diarioregionaldigital.com.br\/index.php?rest_route=%2Fwp%2Fv2%2Fcategories&post=112852"},{"taxonomy":"post_tag","embeddable":true,"href":"https:\/\/diarioregionaldigital.com.br\/index.php?rest_route=%2Fwp%2Fv2%2Ftags&post=112852"}],"curies":[{"name":"wp","href":"https:\/\/api.w.org\/{rel}","templated":true}]}}