{"id":112850,"date":"2018-07-26T08:03:06","date_gmt":"2018-07-26T11:03:06","guid":{"rendered":"http:\/\/diarioregionaljf.com.br\/?p=112850"},"modified":"2018-07-26T08:03:53","modified_gmt":"2018-07-26T11:03:53","slug":"jovem-e-vitima-de-assaltantes-armados-em-nova-benfica","status":"publish","type":"post","link":"https:\/\/diarioregionaldigital.com.br\/?p=112850","title":{"rendered":"Jovem \u00e9 v\u00edtima de assaltantes armados em Nova Benfica"},"content":{"rendered":"<p>Um rapaz de 18 anos foi assaltado por dois indiv\u00edduos, um deles portando um rev\u00f3lver, no bairro Nova Benfica, Zona Norte, na tarde dessa quarta-feira, 25.<\/p>\n<p>De acordo com a Pol\u00edcia Militar (PM), o jovem relatou que transitava pela Rua Henrique Dias quando foi abordado pelos assaltantes, que roubaram seu telefone celular.<\/p>\n<p>Logo ap\u00f3s o crime os autores fugiram em rumo ignorado.<\/p>\n<p>&nbsp;<\/p>\n<p><span style=\"font-size: 12pt;\"><strong>CENTRO<\/strong><\/span><\/p>\n<p>No bairro Paineiras, regi\u00e3o Central da cidade, um jovem de 22 anos teve pertences e documentos roubados na noite dessa quarta-feira, 25.<\/p>\n<p>A v\u00edtima relatou \u00e0 PM que foi abordada por um indiv\u00edduo na Rua Humait\u00e1 e que o autor, encostando um objeto pontiagudo em suas costas, anunciou o assalto. O ladr\u00e3o fugiu levando R$60, um cord\u00e3o de ouro, um rel\u00f3gio, um cart\u00e3o de cr\u00e9dito e documentos pessoais do rapaz.<\/p>\n","protected":false},"excerpt":{"rendered":"<p>Um rapaz de 18 anos foi assaltado por dois indiv\u00edduos, um deles portando um rev\u00f3lver, no bairro Nova Benfica, Zona Norte, na tarde dessa quarta-feira, 25. De acordo com a Pol\u00edcia Militar (PM), o jovem relatou que transitava pela Rua Henrique Dias quando foi abordado pelos assaltantes, que roubaram seu telefone celular. Logo ap\u00f3s o [&hellip;]<\/p>\n","protected":false},"author":96,"featured_media":95836,"comment_status":"closed","ping_status":"closed","sticky":false,"template":"","format":"standard","meta":{"footnotes":""},"categories":[301,439],"tags":[],"class_list":["post-112850","post","type-post","status-publish","format-standard","has-post-thumbnail","hentry","category-artigos-policiais","category-ultima-hora"],"_links":{"self":[{"href":"https:\/\/diarioregionaldigital.com.br\/index.php?rest_route=\/wp\/v2\/posts\/112850","targetHints":{"allow":["GET"]}}],"collection":[{"href":"https:\/\/diarioregionaldigital.com.br\/index.php?rest_route=\/wp\/v2\/posts"}],"about":[{"href":"https:\/\/diarioregionaldigital.com.br\/index.php?rest_route=\/wp\/v2\/types\/post"}],"author":[{"embeddable":true,"href":"https:\/\/diarioregionaldigital.com.br\/index.php?rest_route=\/wp\/v2\/users\/96"}],"replies":[{"embeddable":true,"href":"https:\/\/diarioregionaldigital.com.br\/index.php?rest_route=%2Fwp%2Fv2%2Fcomments&post=112850"}],"version-history":[{"count":0,"href":"https:\/\/diarioregionaldigital.com.br\/index.php?rest_route=\/wp\/v2\/posts\/112850\/revisions"}],"wp:featuredmedia":[{"embeddable":true,"href":"https:\/\/diarioregionaldigital.com.br\/index.php?rest_route=\/wp\/v2\/media\/95836"}],"wp:attachment":[{"href":"https:\/\/diarioregionaldigital.com.br\/index.php?rest_route=%2Fwp%2Fv2%2Fmedia&parent=112850"}],"wp:term":[{"taxonomy":"category","embeddable":true,"href":"https:\/\/diarioregionaldigital.com.br\/index.php?rest_route=%2Fwp%2Fv2%2Fcategories&post=112850"},{"taxonomy":"post_tag","embeddable":true,"href":"https:\/\/diarioregionaldigital.com.br\/index.php?rest_route=%2Fwp%2Fv2%2Ftags&post=112850"}],"curies":[{"name":"wp","href":"https:\/\/api.w.org\/{rel}","templated":true}]}}