{"id":112848,"date":"2018-07-26T07:50:11","date_gmt":"2018-07-26T10:50:11","guid":{"rendered":"http:\/\/diarioregionaljf.com.br\/?p=112848"},"modified":"2018-07-26T07:50:35","modified_gmt":"2018-07-26T10:50:35","slug":"dupla-armada-assalta-lanchonete-na-zona-norte","status":"publish","type":"post","link":"https:\/\/diarioregionaldigital.com.br\/?p=112848","title":{"rendered":"Dupla armada assalta lanchonete na Zona Norte"},"content":{"rendered":"<p>Dois indiv\u00edduos, um deles armado com rev\u00f3lver, assaltaram uma lanchonete na Avenida Doutor Sime\u00e3o de Faria, no bairro S\u00e3o Francisco de Paulo, Zona Norte, na noite dessa quarta-feira, 25.<\/p>\n<p>Conforme informa\u00e7\u00f5es da Pol\u00edcia Militar (PM), a dupla entrou no estabelecimento e, em seguida, o ladr\u00e3o que portava a arma anunciou o assalto. Foram roubados dois celulares e R$500 em dinheiro.<\/p>\n<p>Ap\u00f3s o crime os assaltantes fugiram e n\u00e3o foram localizados.<\/p>\n","protected":false},"excerpt":{"rendered":"<p>Dois indiv\u00edduos, um deles armado com rev\u00f3lver, assaltaram uma lanchonete na Avenida Doutor Sime\u00e3o de Faria, no bairro S\u00e3o Francisco de Paulo, Zona Norte, na noite dessa quarta-feira, 25. Conforme informa\u00e7\u00f5es da Pol\u00edcia Militar (PM), a dupla entrou no estabelecimento e, em seguida, o ladr\u00e3o que portava a arma anunciou o assalto. Foram roubados dois [&hellip;]<\/p>\n","protected":false},"author":96,"featured_media":95836,"comment_status":"closed","ping_status":"closed","sticky":false,"template":"","format":"standard","meta":{"footnotes":""},"categories":[301,439],"tags":[],"class_list":["post-112848","post","type-post","status-publish","format-standard","has-post-thumbnail","hentry","category-artigos-policiais","category-ultima-hora"],"_links":{"self":[{"href":"https:\/\/diarioregionaldigital.com.br\/index.php?rest_route=\/wp\/v2\/posts\/112848","targetHints":{"allow":["GET"]}}],"collection":[{"href":"https:\/\/diarioregionaldigital.com.br\/index.php?rest_route=\/wp\/v2\/posts"}],"about":[{"href":"https:\/\/diarioregionaldigital.com.br\/index.php?rest_route=\/wp\/v2\/types\/post"}],"author":[{"embeddable":true,"href":"https:\/\/diarioregionaldigital.com.br\/index.php?rest_route=\/wp\/v2\/users\/96"}],"replies":[{"embeddable":true,"href":"https:\/\/diarioregionaldigital.com.br\/index.php?rest_route=%2Fwp%2Fv2%2Fcomments&post=112848"}],"version-history":[{"count":0,"href":"https:\/\/diarioregionaldigital.com.br\/index.php?rest_route=\/wp\/v2\/posts\/112848\/revisions"}],"wp:featuredmedia":[{"embeddable":true,"href":"https:\/\/diarioregionaldigital.com.br\/index.php?rest_route=\/wp\/v2\/media\/95836"}],"wp:attachment":[{"href":"https:\/\/diarioregionaldigital.com.br\/index.php?rest_route=%2Fwp%2Fv2%2Fmedia&parent=112848"}],"wp:term":[{"taxonomy":"category","embeddable":true,"href":"https:\/\/diarioregionaldigital.com.br\/index.php?rest_route=%2Fwp%2Fv2%2Fcategories&post=112848"},{"taxonomy":"post_tag","embeddable":true,"href":"https:\/\/diarioregionaldigital.com.br\/index.php?rest_route=%2Fwp%2Fv2%2Ftags&post=112848"}],"curies":[{"name":"wp","href":"https:\/\/api.w.org\/{rel}","templated":true}]}}