{"id":112837,"date":"2018-07-26T07:00:18","date_gmt":"2018-07-26T10:00:18","guid":{"rendered":"http:\/\/diarioregionaljf.com.br\/?p=112837"},"modified":"2018-07-26T07:26:52","modified_gmt":"2018-07-26T10:26:52","slug":"especialista-avalia-cenario-politico-apos-lancamento-de-candidaturas-a-presidencia","status":"publish","type":"post","link":"https:\/\/diarioregionaldigital.com.br\/?p=112837","title":{"rendered":"Especialista avalia cen\u00e1rio pol\u00edtico ap\u00f3s lan\u00e7amento de candidaturas \u00e0 presid\u00eancia"},"content":{"rendered":"<p>Ap\u00f3s conven\u00e7\u00f5es nacionais dos partidos pol\u00edticos, cinco legendas confirmaram os seus respectivos candidatos \u00e0 Presid\u00eancia da Rep\u00fablica. O PSOL lan\u00e7ou Guilherme Boulos e pelo PSL vai concorrer Jair Bolsonaro. Ciro Gomes disputa pelo PDT, Paulo Rabelo de Castro \u00e9 o candidato do PSC e Vera L\u00facia do PSTU.<\/p>\n<p>O doutor em Ci\u00eancias Sociais, Oleg Abramov destacou que estamos diante de um cen\u00e1rio inst\u00e1vel, no qual \u00e9 dif\u00edcil fazer proje\u00e7\u00f5es, e, por isso, a marca desta elei\u00e7\u00e3o \u00e9 a excepcionalidade. \u201cO primeiro \u00e9 que temos no momento o presidente mais impopular da hist\u00f3ria. Por outro lado, o candidato com maior chance de vit\u00f3ria pode n\u00e3o ter a candidatura efetivada\u201d, afirmou.<\/p>\n<p>Conforme Abramov, as candidaturas ratificadas j\u00e1 eram consolidadas h\u00e1 algum tempo, por isso, n\u00e3o surpreenderam suas confirma\u00e7\u00f5es. Para ele, o registro de candidatura de Luiz In\u00e1cio Lula da Silva (PT) e Geraldo Alckmin (PSDB) movimentar\u00e1 e influenciar\u00e1 a corrida ao Pal\u00e1cio do Planalto. \u201cO tucano acertou uma alian\u00e7a com o Centr\u00e3o [bloco composto por cinco partidos &#8211; DEM, PP, PR, Solidariedade e PRB] e, por isso, ter\u00e1 mais tempo de televis\u00e3o. \u00c9 esperado que com isso, ele se alavanque nas pesquisas\u201d, salientou o especialista. \u201cVale lembrar que o PSDB nunca esteve t\u00e3o mal pr\u00f3ximo das elei\u00e7\u00f5es quanto agora, principalmente diante da situa\u00e7\u00e3o do principal concorrente. Isso n\u00e3o ocorria desde 1994\u201d, acrescentou.<\/p>\n<div id=\"attachment_112838\" style=\"width: 1930px\" class=\"wp-caption alignnone\"><img loading=\"lazy\" decoding=\"async\" aria-describedby=\"caption-attachment-112838\" class=\"size-full wp-image-112838\" src=\"http:\/\/diarioregionaljf.com.br\/wp-content\/uploads\/2018\/07\/eleicoes-1.jpg\" alt=\"\" width=\"1920\" height=\"1280\" srcset=\"https:\/\/diarioregionaldigital.com.br\/wp-content\/uploads\/2018\/07\/eleicoes-1.jpg 1920w, https:\/\/diarioregionaldigital.com.br\/wp-content\/uploads\/2018\/07\/eleicoes-1-300x200.jpg 300w, https:\/\/diarioregionaldigital.com.br\/wp-content\/uploads\/2018\/07\/eleicoes-1-768x512.jpg 768w, https:\/\/diarioregionaldigital.com.br\/wp-content\/uploads\/2018\/07\/eleicoes-1-1024x683.jpg 1024w, https:\/\/diarioregionaldigital.com.br\/wp-content\/uploads\/2018\/07\/eleicoes-1-360x240.jpg 360w\" sizes=\"auto, (max-width: 1920px) 100vw, 1920px\" \/><p id=\"caption-attachment-112838\" class=\"wp-caption-text\">At\u00e9 o momento, cinco partidos j\u00e1 lan\u00e7aram seus candidatos \u00e0 presid\u00eancia. Foto: Rafaela Frutuoso<\/p><\/div>\n<p>Em rela\u00e7\u00e3o \u00e0 situa\u00e7\u00e3o do Partido dos Trabalhadores, o doutor em Ci\u00eancias Sociais afirmou que a estrat\u00e9gia \u00e9 clara: levar a candidatura do ex-presidente Lula at\u00e9 as \u00faltimas consequ\u00eancias, inclusive com embasamento jur\u00eddico. \u201cA manuten\u00e7\u00e3o da pris\u00e3o do Lula, mesmo pontuando bem nas pesquisas, atrapalha na sua desenvoltura como candidato, mas \u00e9 a aposta do PT, que insiste no discurso de n\u00e3o haver plano B\u201d, disse Abramov.<\/p>\n<p>A postura do partido, segundo o especialista, j\u00e1 lhe causou problemas na forma\u00e7\u00e3o de coliga\u00e7\u00e3o. \u201cO PSB n\u00e3o comp\u00f4s com o PT porque n\u00e3o tinha clareza da estrat\u00e9gia\u201d, revelou. Para Abramov, caso o ex-presidente seja impedido de concorrer o pleito, as op\u00e7\u00f5es do Partido dos Trabalhadores s\u00e3o o ex-governador baiano Jaques Wagner e o ex-prefeito de S\u00e3o Paulo Fernando Haddad.<\/p>\n<p>Em rela\u00e7\u00e3o aos candidatos que j\u00e1 tiveram sua candidatura \u00e0 presid\u00eancia confirmada, o doutor em Ci\u00eancias Sociais pontuou:<\/p>\n<p>&nbsp;<\/p>\n<p><strong>VERA L\u00daCIA (PSTU)<\/strong><\/p>\n<p>Na vis\u00e3o do especialista, a candidatura de Vera L\u00facia confirma uma tradi\u00e7\u00e3o do PSTU, de utilizar as elei\u00e7\u00f5es para fortalecer o partido, ao inv\u00e9s de focar no resultado do pleito. \u201c\u00c9 uma candidatura isolada, sem nenhuma coliga\u00e7\u00e3o. Isso demonstra que a posi\u00e7\u00e3o que o partido adotou no impeachment da presidente Dilma acabou levando a este isolamento. Dentre as for\u00e7as progressistas, o PSTU ficou praticamente junto com a direita durante o processo, o que acarretou este isolamento. Por exemplo, o PCO, apesar de cr\u00edtico ao governo da Dilma, se posicionou contra o impeachment\u201d, analisou.<\/p>\n<p>&nbsp;<\/p>\n<p><strong>Guilherme Boulos (PSOL)<\/strong><\/p>\n<p>Abramov explicou que uma elei\u00e7\u00e3o \u00e9 composta por diversos jogadores: aqueles que querem refor\u00e7ar o partido; outros querem nacionalizar uma figura; os candidatos que disputam efetivamente a elei\u00e7\u00e3o; e aqueles que disputam a Presid\u00eancia para ajudar na elei\u00e7\u00e3o de deputados. \u201cO jogo do Boulos, no meu entendimento, \u00e9 a busca do protagonismo na esquerda. Avaliando este cen\u00e1rio, no qual o PT est\u00e1 perdendo um pouco de sua for\u00e7a na esquerda, o PSOL apresenta um candidato que tenta tomar parte desse eleitorado e se distanciou do Partido dos Trabalhadores. Ou seja, houve um casamento: PSOL quer mais espa\u00e7o do PT e o Boulos mais espa\u00e7o do Lula\u201d, ressaltou.<\/p>\n<p>&nbsp;<\/p>\n<p><strong>Ciro Gomes (PDT)<\/strong><\/p>\n<p>O candidato do PDT tem tentado construir um p\u00f3lo de oposi\u00e7\u00e3o eleitoral vi\u00e1vel ao projeto de governo de Temer, avaliou o doutor em Ci\u00eancias Sociais. \u201cEle prop\u00f5e um governo de concilia\u00e7\u00e3o entre o capital e o trabalho atrav\u00e9s do desenvolvimento e acaba se colocando mais pr\u00f3ximo da esquerda, embora a trajet\u00f3ria dele n\u00e3o seja esquerdista\u201d, falou.<\/p>\n<p>Apesar da tentativa de formar coliga\u00e7\u00e3o com o PSB e PC do B, o PDT lan\u00e7ou a candidatura de Ciro Gomes sem firmar alian\u00e7a. \u201cAvalio que neste momento, o Ciro esteja um pouco enfraquecido. Talvez tenha sido um pouco de falta de malandragem do PT, que poderia ter favorecido mais o Ciro para apostar em um segundo turno entre ele e Lula, mas acabou colocando todas as suas energias na candidatura do Lula. Se o Ciro mantiver-se nessa posi\u00e7\u00e3o franca, melhor para o Alckmin\u201d, esclareceu.<\/p>\n<p>&nbsp;<\/p>\n<p><strong>Paulo Rabelo de Castro (PSC)<\/strong><\/p>\n<p>Para Abramov, apesar da proje\u00e7\u00e3o t\u00e9cnica de Paulo Rabelo, ele j\u00e1 atuou no Banco Nacional de Desenvolvimento Econ\u00f4mico e Social (BNDES) e no Instituto Brasileiro de Geografia e Estat\u00edstica (IBGE), o PSC deve se manter nacionalmente como uma das legendas de alian\u00e7a, como por exemplo, negociar o seu tempo de televis\u00e3o. \u201cEle se apresenta nesta elei\u00e7\u00e3o para aumentar o seu poder de barganha. Acredito que n\u00e3o vai focar na competi\u00e7\u00e3o, mas sim em refor\u00e7ar o partido\u201d, afirmou.<\/p>\n<p>&nbsp;<\/p>\n<p><strong>Jair Bolsonaro (PSL)<\/strong><\/p>\n<p>O doutor em Ci\u00eancias Sociais relembrou que desde o fim da Ditadura Militar, o pa\u00eds n\u00e3o tinha um candidato de extrema direita entre os candidatos com mais inten\u00e7\u00e3o de voto. \u201cN\u00e3o nos enganemos de imaginar que ele n\u00e3o est\u00e1 no p\u00e1reo. Por exemplo, em um evento da CNI [Confedera\u00e7\u00e3o Nacional da Ind\u00fastria] enquanto os demais candidatos eram fracamente aplaudidos, ele era constantemente interrompido devido aos aplausos\u201d, destacou.<\/p>\n<p>Abramov esclareceu os motivos da aproxima\u00e7\u00e3o entre Bolsonaro e a Confedera\u00e7\u00e3o. \u201cComo o candidato habitual do setor empresarial, Alckmin, n\u00e3o decolou at\u00e9 agora, Bolsonaro converge mais para a agenda neoliberal de exce\u00e7\u00e3o do estado na Economia. Quando ele diz que n\u00e3o pretende se intrometer nos assuntos econ\u00f4micos e que delegar\u00e1 a gest\u00e3o para um grupo do mercado, caso ganhasse, faz com que os capitalistas vejam este comportamento com bons olhos, o que justifica a aproxima\u00e7\u00e3o com a CNI\u201d, salientou Abramov. Al\u00e9m disso, o especialista destacou que o posicionamento conservador de Bolsonaro tamb\u00e9m o aproxima de parte do eleitorado.<\/p>\n<p>&nbsp;<\/p>\n","protected":false},"excerpt":{"rendered":"<p>Ap\u00f3s conven\u00e7\u00f5es nacionais dos partidos pol\u00edticos, cinco legendas confirmaram os seus respectivos candidatos \u00e0 Presid\u00eancia da Rep\u00fablica. O PSOL lan\u00e7ou Guilherme Boulos e pelo PSL vai concorrer Jair Bolsonaro. Ciro Gomes disputa pelo PDT, Paulo Rabelo de Castro \u00e9 o candidato do PSC e Vera L\u00facia do PSTU. O doutor em Ci\u00eancias Sociais, Oleg Abramov [&hellip;]<\/p>\n","protected":false},"author":96,"featured_media":112839,"comment_status":"closed","ping_status":"closed","sticky":false,"template":"","format":"standard","meta":{"footnotes":""},"categories":[253,440,439],"tags":[],"class_list":["post-112837","post","type-post","status-publish","format-standard","has-post-thumbnail","hentry","category-cidade","category-destaques-do-dia","category-ultima-hora"],"_links":{"self":[{"href":"https:\/\/diarioregionaldigital.com.br\/index.php?rest_route=\/wp\/v2\/posts\/112837","targetHints":{"allow":["GET"]}}],"collection":[{"href":"https:\/\/diarioregionaldigital.com.br\/index.php?rest_route=\/wp\/v2\/posts"}],"about":[{"href":"https:\/\/diarioregionaldigital.com.br\/index.php?rest_route=\/wp\/v2\/types\/post"}],"author":[{"embeddable":true,"href":"https:\/\/diarioregionaldigital.com.br\/index.php?rest_route=\/wp\/v2\/users\/96"}],"replies":[{"embeddable":true,"href":"https:\/\/diarioregionaldigital.com.br\/index.php?rest_route=%2Fwp%2Fv2%2Fcomments&post=112837"}],"version-history":[{"count":0,"href":"https:\/\/diarioregionaldigital.com.br\/index.php?rest_route=\/wp\/v2\/posts\/112837\/revisions"}],"wp:featuredmedia":[{"embeddable":true,"href":"https:\/\/diarioregionaldigital.com.br\/index.php?rest_route=\/wp\/v2\/media\/112839"}],"wp:attachment":[{"href":"https:\/\/diarioregionaldigital.com.br\/index.php?rest_route=%2Fwp%2Fv2%2Fmedia&parent=112837"}],"wp:term":[{"taxonomy":"category","embeddable":true,"href":"https:\/\/diarioregionaldigital.com.br\/index.php?rest_route=%2Fwp%2Fv2%2Fcategories&post=112837"},{"taxonomy":"post_tag","embeddable":true,"href":"https:\/\/diarioregionaldigital.com.br\/index.php?rest_route=%2Fwp%2Fv2%2Ftags&post=112837"}],"curies":[{"name":"wp","href":"https:\/\/api.w.org\/{rel}","templated":true}]}}