{"id":112833,"date":"2018-07-26T06:00:55","date_gmt":"2018-07-26T09:00:55","guid":{"rendered":"http:\/\/diarioregionaljf.com.br\/?p=112833"},"modified":"2018-07-25T20:54:17","modified_gmt":"2018-07-25T23:54:17","slug":"berimbau-chamou-promove-vivencia-e-troca-de-experiencia-entre-capoeiristas-neste-domingo","status":"publish","type":"post","link":"https:\/\/diarioregionaldigital.com.br\/?p=112833","title":{"rendered":"\u201cBerimbau Chamou\u201d promove viv\u00eancia e troca de experi\u00eancia entre capoeiristas neste domingo"},"content":{"rendered":"<p>Com o objetivo de aumentar o conhecimento, falando sobre as viv\u00eancias de capoeira passadas por mestres de renome internacional, e comemorar o 25\u00ba anivers\u00e1rio do grupo Zabel\u00ea Capoeira, acontece neste domingo, 29, das 8h \u00e0s 18h, na Rua Travessa Dr. Prisco Viana, 57, no centro de Juiz de Fora.<\/p>\n<p>Segundo Marko Nascimento, contramestre de capoeira e um dos organizadores do evento, a programa\u00e7\u00e3o neste ano, diferente dos outros, contar\u00e1 com a participa\u00e7\u00e3o de mestres de outras regi\u00f5es para ministrarem o curso. \u201cTodos os eventos foram feitos com pessoas daqui de Juiz de Fora, a\u00e7\u00f5es realizadas com pessoas de Minas Gerais. Esse ano, a gente trouxe mestres de outros estados para ministrarem o curso. Um deles \u00e9 o mestre Itapoan da Bahia, aluno do mestre Bimba, que \u00e9 o criador do estilo capoeira regional entre 1818 e 1928. Itapoan \u00e9 um dos que mais dissemina esse conte\u00fado pelo mundo. Algumas semanas ele estava na Austr\u00e1lia, um tempo a tr\u00e1s, ele estava nos Estados Unidos. Esteve em Belo Horizonte e, agora, em Juiz de Fora. N\u00f3s vamos trazer tamb\u00e9m o mestre Nilo, que \u00e9 um professor do Rio e foi o primeiro mestre a trabalhar capoeira em uma universidade naquele estado, no curso de Educa\u00e7\u00e3o F\u00edsica. Em Juiz de Fora, teremos dois mestres que estar\u00e3o trabalhando com a gente, Haron, que tamb\u00e9m inseriu a capoeira na universidade daqui, e o mestre J\u00f4\u201d, informou.<\/p>\n<p>Ainda de acordo com Nascimento, a expectativa para o encontro \u00e9 a das melhores j\u00e1 que este ano vai ser o primeiro evento que acontece desta forma, sem o batismo, tendo o intuito de enriquecimento atrav\u00e9s do curso, al\u00e9m de comemorar as \u201cbordas de prata\u201d do Zabel\u00ea da Capoeira. \u201cN\u00f3s estamos tendo uma expectativa muito boa, porque \u00e9 um evento que acontece pela primeira vez dessa maneira, sem o batismo. A maioria dos eventos de capoeira acontece junto com o batismo, quando o aluno recebe sua gradua\u00e7\u00e3o. Esse ano, n\u00e3o. Este \u00e9 s\u00f3 os cursos durante o dia, n\u00e3o tem nenhum evento de gradua\u00e7\u00e3o. Esperamos que no final tenhamos um aumento de expans\u00e3o do pr\u00f3prio conhecimento, at\u00e9 porque a ideia \u00e9 essa, e comemorar os 25 anos do grupo\u201d, ressaltou o contramestre.<\/p>\n<div id=\"attachment_112834\" style=\"width: 797px\" class=\"wp-caption alignnone\"><img loading=\"lazy\" decoding=\"async\" aria-describedby=\"caption-attachment-112834\" class=\"size-full wp-image-112834\" src=\"http:\/\/diarioregionaljf.com.br\/wp-content\/uploads\/2018\/07\/capoeira.png\" alt=\"\" width=\"787\" height=\"536\" srcset=\"https:\/\/diarioregionaldigital.com.br\/wp-content\/uploads\/2018\/07\/capoeira.png 787w, https:\/\/diarioregionaldigital.com.br\/wp-content\/uploads\/2018\/07\/capoeira-300x204.png 300w, https:\/\/diarioregionaldigital.com.br\/wp-content\/uploads\/2018\/07\/capoeira-768x523.png 768w, https:\/\/diarioregionaldigital.com.br\/wp-content\/uploads\/2018\/07\/capoeira-360x245.png 360w\" sizes=\"auto, (max-width: 787px) 100vw, 787px\" \/><p id=\"caption-attachment-112834\" class=\"wp-caption-text\">O curso de aperfei\u00e7oamento ter\u00e1 um limite de 180 vagas. Foto: Divulga\u00e7\u00e3o<\/p><\/div>\n<p>As inscri\u00e7\u00f5es devem ser feitas online, no pr\u00f3prio site, (www.zabelecapoeira.com.br) onde os interessados devem preencher um cadastro com seus dados. O valor do curso \u00e9 de R$100, tendo um limite de 180 vagas. Poder\u00e3o participar pessoas maiores de 16 anos, que j\u00e1 possuam no\u00e7\u00f5es b\u00e1sicas da capoeira.<\/p>\n<p><strong>\u00a0<\/strong><\/p>\n<p><strong>O grupo Zabel\u00ea Capoeira <\/strong><\/p>\n<p>Com o lema \u201cUni\u00e3o, Garra, For\u00e7a e Educa\u00e7\u00e3o, a nossa filosofia \u00e9 educar atrav\u00e9s da capoeira\u201d, o grupo Zabel\u00ea foi fundado em 1993, ap\u00f3s seus integrantes, que j\u00e1 participam de uma bolsa de extens\u00e3o na Faculdade de Educa\u00e7\u00e3o F\u00edsica da UFJF envolvendo a capoeira, sentirem a necessidade de criarem um grupo que institu\u00edsse a gradua\u00e7\u00e3o de capoeiristas na cidade, tendo como objetivo aumentar o n\u00famero de pessoas envolvidas com essa arte brasileira.<\/p>\n<p>Com o tempo, o grupo migrou-se para diversos pontos de Juiz de Fora, onde, hoje, trabalham com forma\u00e7\u00e3o de pessoas para serem professores de capoeira. Al\u00e9m da gradua\u00e7\u00e3o, o grupo participa de campeonatos, ensinam crian\u00e7as, adultos, pessoas da terceira idade e deficientes f\u00edsicos, al\u00e9m de possu\u00edrem um acervo que re\u00fane todo o material de capoeira (CD\u2019s, livros, fotografias, filmes, revistas e etc) que ajudam a propagarem seus trabalhos.<\/p>\n<p>&nbsp;<\/p>\n<p><strong>CONTE\u00daDO PROGRAM\u00c1TICO<\/strong><\/p>\n<p>&#8211; Viv\u00eancia de Capoeira Regional com Mestre Itapoan (BA);<\/p>\n<p>&#8211; Viv\u00eancia de Capoyoga com Mestre Nilo (RJ);<\/p>\n<p>&#8211; Vivencia de Capoeira como pratica esportiva com Mestre Haron (MG);<\/p>\n<p>&#8211; Viv\u00eancia de Roda de Capoeira com Mestre J\u00f4 (MG).<\/p>\n<p>&nbsp;<\/p>\n<p>&nbsp;<\/p>\n<p>&nbsp;<\/p>\n","protected":false},"excerpt":{"rendered":"<p>Com o objetivo de aumentar o conhecimento, falando sobre as viv\u00eancias de capoeira passadas por mestres de renome internacional, e comemorar o 25\u00ba anivers\u00e1rio do grupo Zabel\u00ea Capoeira, acontece neste domingo, 29, das 8h \u00e0s 18h, na Rua Travessa Dr. Prisco Viana, 57, no centro de Juiz de Fora. Segundo Marko Nascimento, contramestre de capoeira [&hellip;]<\/p>\n","protected":false},"author":96,"featured_media":112835,"comment_status":"closed","ping_status":"closed","sticky":false,"template":"","format":"standard","meta":{"footnotes":""},"categories":[253,440,439],"tags":[],"class_list":["post-112833","post","type-post","status-publish","format-standard","has-post-thumbnail","hentry","category-cidade","category-destaques-do-dia","category-ultima-hora"],"_links":{"self":[{"href":"https:\/\/diarioregionaldigital.com.br\/index.php?rest_route=\/wp\/v2\/posts\/112833","targetHints":{"allow":["GET"]}}],"collection":[{"href":"https:\/\/diarioregionaldigital.com.br\/index.php?rest_route=\/wp\/v2\/posts"}],"about":[{"href":"https:\/\/diarioregionaldigital.com.br\/index.php?rest_route=\/wp\/v2\/types\/post"}],"author":[{"embeddable":true,"href":"https:\/\/diarioregionaldigital.com.br\/index.php?rest_route=\/wp\/v2\/users\/96"}],"replies":[{"embeddable":true,"href":"https:\/\/diarioregionaldigital.com.br\/index.php?rest_route=%2Fwp%2Fv2%2Fcomments&post=112833"}],"version-history":[{"count":0,"href":"https:\/\/diarioregionaldigital.com.br\/index.php?rest_route=\/wp\/v2\/posts\/112833\/revisions"}],"wp:featuredmedia":[{"embeddable":true,"href":"https:\/\/diarioregionaldigital.com.br\/index.php?rest_route=\/wp\/v2\/media\/112835"}],"wp:attachment":[{"href":"https:\/\/diarioregionaldigital.com.br\/index.php?rest_route=%2Fwp%2Fv2%2Fmedia&parent=112833"}],"wp:term":[{"taxonomy":"category","embeddable":true,"href":"https:\/\/diarioregionaldigital.com.br\/index.php?rest_route=%2Fwp%2Fv2%2Fcategories&post=112833"},{"taxonomy":"post_tag","embeddable":true,"href":"https:\/\/diarioregionaldigital.com.br\/index.php?rest_route=%2Fwp%2Fv2%2Ftags&post=112833"}],"curies":[{"name":"wp","href":"https:\/\/api.w.org\/{rel}","templated":true}]}}