{"id":112824,"date":"2018-07-25T20:23:58","date_gmt":"2018-07-25T23:23:58","guid":{"rendered":"http:\/\/diarioregionaljf.com.br\/?p=112824"},"modified":"2018-07-31T18:48:13","modified_gmt":"2018-07-31T21:48:13","slug":"canecas-personalizadas-sao-otimos-presentes-institucionais-para-o-dia-dos-pais","status":"publish","type":"post","link":"https:\/\/diarioregionaldigital.com.br\/?p=112824","title":{"rendered":"Canecas personalizadas s\u00e3o \u00f3timos presentes institucionais para o Dia dos Pais"},"content":{"rendered":"<p>A busca por bons resultados em uma empresa come\u00e7a pela valoriza\u00e7\u00e3o dos seus colaboradores. Afinal, funcion\u00e1rios motivados em um ambiente feliz e harm\u00f4nico produzem mais e melhor. \u00c9 isso que revela um estudo cient\u00edfico feito pela Universidade de Warwick, no Reino Unido. De acordo com a pesquisa, equipes bem tratadas pelos patr\u00f5es e\/ou superiores chegam a render at\u00e9 12% mais que as demais. \u00c9 por isso que as grandes corpora\u00e7\u00f5es investem em a\u00e7\u00f5es pontuais com foco na boa rela\u00e7\u00e3o dentro da rotina profissional. Uma forma de fazer isso \u00e9 atrav\u00e9s de brindes em datas especiais. Com a aproxima\u00e7\u00e3o dos Dia dos Pais, <a href=\"http:\/\/www.dkoreporcelanas.com.br\/Produtos\/canecas\">canecas personalizadas<\/a> s\u00e3o excelentes escolhas.<\/p>\n<h2>Um presente com a sua marca<\/h2>\n<p>As canecas personalizadas possuem diversas vantagens. Primeiro porque s\u00e3o lembran\u00e7as baratas e de f\u00e1cil aquisi\u00e7\u00e3o pelas organiza\u00e7\u00f5es empresariais. Al\u00e9m disso, s\u00e3o bonitas, \u00fateis e com grande apelo emocional. Sem contar que s\u00e3o consideradas \u201cgatilhos\u201d para aperfei\u00e7oar a imagem institucional da porta para fora. Al\u00e9m disso, canecas personalizadas s\u00e3o consideradas pe\u00e7as coringas. Afinal, h\u00e1 modelos para\u00a0 diferentes necessidades. Desde as mais tradicionais, para consumo de caf\u00e9 e ch\u00e1, at\u00e9 outros mais modernos, incluindo canecas para consumo de cerveja, em formato de tulipa.<\/p>\n<p>Empresas especializadas em brindes institucionais oferecem\u00a0 confec\u00e7\u00e3o das pe\u00e7as sob demanda. Desta forma, \u00e9 poss\u00edvel inserir uma logomarca da empresa e pensar em algum desenho \u00fanico, se aproximando da realidade do colaborador.<\/p>\n<p>&nbsp;<\/p>\n<h2><strong>Dicas de brindes para o Dia dos Pais<\/strong><\/h2>\n<p>O Dia dos Pais \u00e9 uma data emblem\u00e1tica para as empresas porque \u00e9 uma grande oportunidade de atingir o lado emocional dos homens colaboradores. E as canecas personalizadas s\u00e3o presentes muito procurados, principalmente por serem considerados objetos \u00fateis.<\/p>\n<p>Para agradar os pais da sua empresa, n\u00e3o necessariamente \u00e9 preciso investir em canecas tradicionais. H\u00e1 modelos de canecas personalizadas dos tipos c\u00f4nica, para chopp, jumbo, reta, frevo, trip e retr\u00f4. N\u00e3o existe uma f\u00f3rmula para escolher o modelo ideal. Por\u00e9m, alguns detalhes devem ser observados.<\/p>\n<p>Organiza\u00e7\u00f5es empresariais formadas por equipes de colaboradores mais jovens podem preferir os tipos para chopp e retr\u00f4. Quando o p\u00fablico-alvo \u00e9 formado por pessoas mais velhas, as mais tradicionais -como c\u00f4nica e jumbo \u2013 s\u00e3o as melhores op\u00e7\u00f5es. Estampas como \u201cSuper Pai\u201d e \u201cPai Her\u00f3i\u201d est\u00e3o em alta, muito embora \u00e9 poss\u00edvel usar a criatividade neste momento.<\/p>\n<p>Para a <a href=\"http:\/\/www.dkoreporcelanas.com.br\/\">DKore<\/a>, empresa especializada em lembran\u00e7as feita a porcelanas, vidros e cristais, o Dia dos Pais \u00e9 uma data com grande demanda. A empresa aceita pedidos em lotes a partir de 24 unidades. A empresa possui canecas prontas, com desenhos desenvolvidos pela pr\u00f3pria equipe, e tamb\u00e9m produz sob demanda.<\/p>\n<h2>Presentes com a sua marca durante todo o ano<\/h2>\n<p>Canecas personalizadas s\u00e3o presentes institucionais que funcionam bem em muitas datas comemorativas. Desde festas das pr\u00f3prias empresas, at\u00e9 outras importantes no calend\u00e1rio, como o dia de alguma profiss\u00e3o espec\u00edfica. Sem contar o dia das m\u00e3es, o Natal e o Ano Novo.<\/p>\n<p>&nbsp;<\/p>\n<p>&nbsp;<\/p>\n<p>Fonte:<a href=\"https:\/\/brandsandblogs.com.br\/\">\u00a0Brands &amp; Blogs<\/a><\/p>\n","protected":false},"excerpt":{"rendered":"<p>A busca por bons resultados em uma empresa come\u00e7a pela valoriza\u00e7\u00e3o dos seus colaboradores. Afinal, funcion\u00e1rios motivados em um ambiente feliz e harm\u00f4nico produzem mais e melhor. \u00c9 isso que revela um estudo cient\u00edfico feito pela Universidade de Warwick, no Reino Unido. De acordo com a pesquisa, equipes bem tratadas pelos patr\u00f5es e\/ou superiores chegam [&hellip;]<\/p>\n","protected":false},"author":96,"featured_media":112828,"comment_status":"closed","ping_status":"closed","sticky":false,"template":"","format":"standard","meta":{"footnotes":""},"categories":[302,436,439],"tags":[],"class_list":["post-112824","post","type-post","status-publish","format-standard","has-post-thumbnail","hentry","category-brasil-mundo","category-destaque-da-semana","category-ultima-hora"],"_links":{"self":[{"href":"https:\/\/diarioregionaldigital.com.br\/index.php?rest_route=\/wp\/v2\/posts\/112824","targetHints":{"allow":["GET"]}}],"collection":[{"href":"https:\/\/diarioregionaldigital.com.br\/index.php?rest_route=\/wp\/v2\/posts"}],"about":[{"href":"https:\/\/diarioregionaldigital.com.br\/index.php?rest_route=\/wp\/v2\/types\/post"}],"author":[{"embeddable":true,"href":"https:\/\/diarioregionaldigital.com.br\/index.php?rest_route=\/wp\/v2\/users\/96"}],"replies":[{"embeddable":true,"href":"https:\/\/diarioregionaldigital.com.br\/index.php?rest_route=%2Fwp%2Fv2%2Fcomments&post=112824"}],"version-history":[{"count":0,"href":"https:\/\/diarioregionaldigital.com.br\/index.php?rest_route=\/wp\/v2\/posts\/112824\/revisions"}],"wp:featuredmedia":[{"embeddable":true,"href":"https:\/\/diarioregionaldigital.com.br\/index.php?rest_route=\/wp\/v2\/media\/112828"}],"wp:attachment":[{"href":"https:\/\/diarioregionaldigital.com.br\/index.php?rest_route=%2Fwp%2Fv2%2Fmedia&parent=112824"}],"wp:term":[{"taxonomy":"category","embeddable":true,"href":"https:\/\/diarioregionaldigital.com.br\/index.php?rest_route=%2Fwp%2Fv2%2Fcategories&post=112824"},{"taxonomy":"post_tag","embeddable":true,"href":"https:\/\/diarioregionaldigital.com.br\/index.php?rest_route=%2Fwp%2Fv2%2Ftags&post=112824"}],"curies":[{"name":"wp","href":"https:\/\/api.w.org\/{rel}","templated":true}]}}