{"id":112818,"date":"2018-07-26T06:00:23","date_gmt":"2018-07-26T09:00:23","guid":{"rendered":"http:\/\/diarioregionaljf.com.br\/?p=112818"},"modified":"2018-08-13T20:21:46","modified_gmt":"2018-08-13T23:21:46","slug":"pref-descoberto-extrato-de-contrato-cont-081-26-07-18","status":"publish","type":"post","link":"https:\/\/diarioregionaldigital.com.br\/?p=112818","title":{"rendered":"Pref. Descoberto &#8211; Extrato De Contrato &#8211; Cont 081 26\/07\/18"},"content":{"rendered":"<p style=\"text-align: center;\"><strong>EXTRATO DE CONTRATO<\/strong><\/p>\n<p style=\"text-align: center;\">Pref. Municipal de Descoberto x \u00a0TJ Rodeios Produ\u00e7\u00f5es e Eventos Ltda &#8211; Objeto: Contrata\u00e7\u00e3o das bandas \u201cDunada\u201d \u201cRock\u2019n Roll Trem\u201d \u201cStone Age\u201d e \u201cTrio Play\u201d para o 2\u00ba Descoberto Motofest \u2013 Fundamento: Inexigibilidade n\u00ba 009\/2018- \u00a0Valor Global: 14.000,00 &#8211; Vig\u00eancia: 01 m\u00eas &#8211; \u00a0Dot or\u00e7: 02.04005.13.392.0015.279-339030\/100 &#8211; Ass: 25\/07\/18- Foro: S\u00e3o Jo\u00e3o Nepomuceno\/MG.<\/p>\n<p style=\"text-align: center;\"><strong>Marcos de Ara\u00fajo Lima<\/strong><\/p>\n<p style=\"text-align: center;\"><strong>Prefeito Municipal<\/strong><\/p>\n","protected":false},"excerpt":{"rendered":"<p>EXTRATO DE CONTRATO Pref. Municipal de Descoberto x \u00a0TJ Rodeios Produ\u00e7\u00f5es e Eventos Ltda &#8211; Objeto: Contrata\u00e7\u00e3o das bandas \u201cDunada\u201d \u201cRock\u2019n Roll Trem\u201d \u201cStone Age\u201d e \u201cTrio Play\u201d para o 2\u00ba Descoberto Motofest \u2013 Fundamento: Inexigibilidade n\u00ba 009\/2018- \u00a0Valor Global: 14.000,00 &#8211; Vig\u00eancia: 01 m\u00eas &#8211; \u00a0Dot or\u00e7: 02.04005.13.392.0015.279-339030\/100 &#8211; Ass: 25\/07\/18- Foro: S\u00e3o Jo\u00e3o [&hellip;]<\/p>\n","protected":false},"author":96,"featured_media":0,"comment_status":"closed","ping_status":"closed","sticky":false,"template":"","format":"standard","meta":{"footnotes":""},"categories":[307],"tags":[],"class_list":["post-112818","post","type-post","status-publish","format-standard","hentry","category-editais"],"_links":{"self":[{"href":"https:\/\/diarioregionaldigital.com.br\/index.php?rest_route=\/wp\/v2\/posts\/112818","targetHints":{"allow":["GET"]}}],"collection":[{"href":"https:\/\/diarioregionaldigital.com.br\/index.php?rest_route=\/wp\/v2\/posts"}],"about":[{"href":"https:\/\/diarioregionaldigital.com.br\/index.php?rest_route=\/wp\/v2\/types\/post"}],"author":[{"embeddable":true,"href":"https:\/\/diarioregionaldigital.com.br\/index.php?rest_route=\/wp\/v2\/users\/96"}],"replies":[{"embeddable":true,"href":"https:\/\/diarioregionaldigital.com.br\/index.php?rest_route=%2Fwp%2Fv2%2Fcomments&post=112818"}],"version-history":[{"count":0,"href":"https:\/\/diarioregionaldigital.com.br\/index.php?rest_route=\/wp\/v2\/posts\/112818\/revisions"}],"wp:attachment":[{"href":"https:\/\/diarioregionaldigital.com.br\/index.php?rest_route=%2Fwp%2Fv2%2Fmedia&parent=112818"}],"wp:term":[{"taxonomy":"category","embeddable":true,"href":"https:\/\/diarioregionaldigital.com.br\/index.php?rest_route=%2Fwp%2Fv2%2Fcategories&post=112818"},{"taxonomy":"post_tag","embeddable":true,"href":"https:\/\/diarioregionaldigital.com.br\/index.php?rest_route=%2Fwp%2Fv2%2Ftags&post=112818"}],"curies":[{"name":"wp","href":"https:\/\/api.w.org\/{rel}","templated":true}]}}