{"id":112816,"date":"2018-07-26T06:00:21","date_gmt":"2018-07-26T09:00:21","guid":{"rendered":"http:\/\/diarioregionaljf.com.br\/?p=112816"},"modified":"2018-08-13T20:22:02","modified_gmt":"2018-08-13T23:22:02","slug":"pref-descoberto-extrato-de-contrato-cont-080-26-07-18","status":"publish","type":"post","link":"https:\/\/diarioregionaldigital.com.br\/?p=112816","title":{"rendered":"Pref. Descoberto &#8211; Extrato De Contrato &#8211; Cont 080 26\/07\/18"},"content":{"rendered":"<p style=\"text-align: center;\"><strong>EXTRATO DE CONTRATO<\/strong><\/p>\n<p style=\"text-align: center;\">Pref. Municipal de Descoberto x Posto Brotinho Ltda \u2013 EPP &#8211; Objeto: Aquisi\u00e7\u00e3o de combust\u00edvel para ve\u00edculos e m\u00e1quinas da Prefeitura de Descoberto &#8211; Fundamento: Inexigibilidade 008\/2018\u2013Valor Global: 342.018,10 \u2013 Vig\u00eancia: 3 meses\u2013 Dot or\u00e7: 02.06000.15.122.0002.202-339030\/100 \u2013 02.01000.04.122.0002.202-339030\/100 \u2013 02.02000.04.122.0002.218-339030\/100 \u2013 02.02000.04.181.0002.223-339030\/100 &#8211; \u00a002.07001.08.243.0002.225-339030\/100 \u2013 02.04002.12.361.0003.256-339030\/119 &#8211; \u00a0Ass: 17\/07\/2018 &#8211; Foro: S\u00e3o Jo\u00e3o Nepomuceno\/MG.<\/p>\n<p style=\"text-align: center;\"><strong>Marcos de Ara\u00fajo Lima<\/strong><\/p>\n<p style=\"text-align: center;\"><strong>Prefeito Municipal<\/strong><\/p>\n","protected":false},"excerpt":{"rendered":"<p>EXTRATO DE CONTRATO Pref. Municipal de Descoberto x Posto Brotinho Ltda \u2013 EPP &#8211; Objeto: Aquisi\u00e7\u00e3o de combust\u00edvel para ve\u00edculos e m\u00e1quinas da Prefeitura de Descoberto &#8211; Fundamento: Inexigibilidade 008\/2018\u2013Valor Global: 342.018,10 \u2013 Vig\u00eancia: 3 meses\u2013 Dot or\u00e7: 02.06000.15.122.0002.202-339030\/100 \u2013 02.01000.04.122.0002.202-339030\/100 \u2013 02.02000.04.122.0002.218-339030\/100 \u2013 02.02000.04.181.0002.223-339030\/100 &#8211; \u00a002.07001.08.243.0002.225-339030\/100 \u2013 02.04002.12.361.0003.256-339030\/119 &#8211; \u00a0Ass: 17\/07\/2018 &#8211; Foro: S\u00e3o [&hellip;]<\/p>\n","protected":false},"author":96,"featured_media":0,"comment_status":"closed","ping_status":"closed","sticky":false,"template":"","format":"standard","meta":{"footnotes":""},"categories":[307],"tags":[],"class_list":["post-112816","post","type-post","status-publish","format-standard","hentry","category-editais"],"_links":{"self":[{"href":"https:\/\/diarioregionaldigital.com.br\/index.php?rest_route=\/wp\/v2\/posts\/112816","targetHints":{"allow":["GET"]}}],"collection":[{"href":"https:\/\/diarioregionaldigital.com.br\/index.php?rest_route=\/wp\/v2\/posts"}],"about":[{"href":"https:\/\/diarioregionaldigital.com.br\/index.php?rest_route=\/wp\/v2\/types\/post"}],"author":[{"embeddable":true,"href":"https:\/\/diarioregionaldigital.com.br\/index.php?rest_route=\/wp\/v2\/users\/96"}],"replies":[{"embeddable":true,"href":"https:\/\/diarioregionaldigital.com.br\/index.php?rest_route=%2Fwp%2Fv2%2Fcomments&post=112816"}],"version-history":[{"count":0,"href":"https:\/\/diarioregionaldigital.com.br\/index.php?rest_route=\/wp\/v2\/posts\/112816\/revisions"}],"wp:attachment":[{"href":"https:\/\/diarioregionaldigital.com.br\/index.php?rest_route=%2Fwp%2Fv2%2Fmedia&parent=112816"}],"wp:term":[{"taxonomy":"category","embeddable":true,"href":"https:\/\/diarioregionaldigital.com.br\/index.php?rest_route=%2Fwp%2Fv2%2Fcategories&post=112816"},{"taxonomy":"post_tag","embeddable":true,"href":"https:\/\/diarioregionaldigital.com.br\/index.php?rest_route=%2Fwp%2Fv2%2Ftags&post=112816"}],"curies":[{"name":"wp","href":"https:\/\/api.w.org\/{rel}","templated":true}]}}