{"id":112814,"date":"2018-07-26T06:00:21","date_gmt":"2018-07-26T09:00:21","guid":{"rendered":"http:\/\/diarioregionaljf.com.br\/?p=112814"},"modified":"2018-07-26T16:26:59","modified_gmt":"2018-07-26T19:26:59","slug":"saude-e-energia","status":"publish","type":"post","link":"https:\/\/diarioregionaldigital.com.br\/?p=112814","title":{"rendered":"Sa\u00fade e Energia"},"content":{"rendered":"<p style=\"text-align: center;\"><strong>Na Ponta dos P\u00e9s<\/strong><\/p>\n<p style=\"text-align: center;\">Ana L\u00edvia Delgado Saggioro e Ulisses Saggioro est\u00e3o em festa. A filha Luciana Saggioro de 12 anos que \u00e9 aluna do Petite Dance, no Rio de Janeiro, ganhou o trof\u00e9u \u201cBailarina Revela\u00e7\u00e3o, no Festival Internacional de Goi\u00e1s\u201d, al\u00e9m dos primeiros lugares com os solos livre e cl\u00e1ssico. Nasce uma nova estrela.<\/p>\n<p style=\"text-align: center;\"><strong>Sa\u00fade e Energia<\/strong><\/p>\n<p style=\"text-align: center;\">O presidente da Santa Casa de Juiz de Fora, Renato Loures, est\u00e1 em estado alfa. O hospital foi inclu\u00eddo no Programa Energia Inteligente da Cemig, o que vai reduzir sensivelmente, o consumo de energia do lugar que salva e ameniza vidas.<\/p>\n<p style=\"text-align: center;\"><strong>Futebol<\/strong><\/p>\n<p style=\"text-align: center;\">Como o hexa n\u00e3o veio, a CBF e a Netflix cancelaram o projeto de um document\u00e1rio sobre os bastidores da sele\u00e7\u00e3o na R\u00fassia. Todo o material gravado foi guardado no cofre da CBF. Repete-se assim, o que aconteceu em 2006: a CBF contratou a Conspira\u00e7\u00e3o Filmes para um document\u00e1rio com os bastidores. A sele\u00e7\u00e3o fracassou, e o filme nunca foi exibido.<\/p>\n<p style=\"text-align: center;\"><strong>Assunto<\/strong><\/p>\n<p style=\"text-align: center;\">A Justi\u00e7a de S\u00e3o Paulo decidiu que o est\u00e1dio do Palmeiras, o Allianz Parque, vai continuar ser chamado Allianz Parque. H\u00e1 dois anos, a Ambev entrou com uma a\u00e7\u00e3o para vetar que o est\u00e1dio ostentasse esse nome al\u00e9m de proibir a publicidade e a venda de marcas concorrentes ali. A Justi\u00e7a, no entanto, julgou a a\u00e7\u00e3o improcedente por entender que o contrato de compra do local n\u00e3o poderia criar tais obriga\u00e7\u00f5es.<\/p>\n<p style=\"text-align: center;\"><strong>Finalizando <\/strong><\/p>\n<p style=\"text-align: center;\">Eleger um novo presidente sem eleger novos deputados e novos senadores de nada vai adiantar! Vamos continuar tirando \u00e1gua de pedra, com desigualdade social e concentra\u00e7\u00e3o de renda que s\u00e3o marcas registradas do nosso pa\u00eds injusto.<\/p>\n<div id=\"attachment_112798\" style=\"width: 690px\" class=\"wp-caption aligncenter\"><img loading=\"lazy\" decoding=\"async\" aria-describedby=\"caption-attachment-112798\" class=\"wp-image-112798\" src=\"http:\/\/diarioregionaljf.com.br\/wp-content\/uploads\/2018\/07\/fotoa-15.jpg\" alt=\"\" width=\"680\" height=\"453\" srcset=\"https:\/\/diarioregionaldigital.com.br\/wp-content\/uploads\/2018\/07\/fotoa-15.jpg 960w, https:\/\/diarioregionaldigital.com.br\/wp-content\/uploads\/2018\/07\/fotoa-15-300x200.jpg 300w, https:\/\/diarioregionaldigital.com.br\/wp-content\/uploads\/2018\/07\/fotoa-15-768x512.jpg 768w, https:\/\/diarioregionaldigital.com.br\/wp-content\/uploads\/2018\/07\/fotoa-15-360x240.jpg 360w\" sizes=\"auto, (max-width: 680px) 100vw, 680px\" \/><p id=\"caption-attachment-112798\" class=\"wp-caption-text\">Em requintado coquetel na Natuzzi, no Spazio Design, Jonatas Willemen, Rodrigo Motta, Weliton Soares e Eliane Estanislau<\/p><\/div>\n<div id=\"attachment_112799\" style=\"width: 690px\" class=\"wp-caption aligncenter\"><img loading=\"lazy\" decoding=\"async\" aria-describedby=\"caption-attachment-112799\" class=\"wp-image-112799\" src=\"http:\/\/diarioregionaljf.com.br\/wp-content\/uploads\/2018\/07\/fotoaa-9-e1532554312945.jpg\" alt=\"\" width=\"680\" height=\"496\" srcset=\"https:\/\/diarioregionaldigital.com.br\/wp-content\/uploads\/2018\/07\/fotoaa-9-e1532554312945.jpg 960w, https:\/\/diarioregionaldigital.com.br\/wp-content\/uploads\/2018\/07\/fotoaa-9-e1532554312945-300x219.jpg 300w, https:\/\/diarioregionaldigital.com.br\/wp-content\/uploads\/2018\/07\/fotoaa-9-e1532554312945-768x560.jpg 768w, https:\/\/diarioregionaldigital.com.br\/wp-content\/uploads\/2018\/07\/fotoaa-9-e1532554312945-360x263.jpg 360w\" sizes=\"auto, (max-width: 680px) 100vw, 680px\" \/><p id=\"caption-attachment-112799\" class=\"wp-caption-text\">No Espa\u00e7o Mascarenhas comemorando o Dia do Mestre-Sala e Porta-Bandeira em homenagem Nancy de Carvalho, Marc\u00edlio Gomes e a diva Sandra Portella<\/p><\/div>\n<div id=\"attachment_112801\" style=\"width: 690px\" class=\"wp-caption aligncenter\"><img loading=\"lazy\" decoding=\"async\" aria-describedby=\"caption-attachment-112801\" class=\"wp-image-112801\" src=\"http:\/\/diarioregionaljf.com.br\/wp-content\/uploads\/2018\/07\/fotobb-6-e1532554482552.jpg\" alt=\"\" width=\"680\" height=\"496\" srcset=\"https:\/\/diarioregionaldigital.com.br\/wp-content\/uploads\/2018\/07\/fotobb-6-e1532554482552.jpg 960w, https:\/\/diarioregionaldigital.com.br\/wp-content\/uploads\/2018\/07\/fotobb-6-e1532554482552-300x219.jpg 300w, https:\/\/diarioregionaldigital.com.br\/wp-content\/uploads\/2018\/07\/fotobb-6-e1532554482552-768x560.jpg 768w, https:\/\/diarioregionaldigital.com.br\/wp-content\/uploads\/2018\/07\/fotobb-6-e1532554482552-360x263.jpg 360w\" sizes=\"auto, (max-width: 680px) 100vw, 680px\" \/><p id=\"caption-attachment-112801\" class=\"wp-caption-text\">No Restaurante Card\u00e1pio Mineiro comemorando o Dia do Mestre-Sala e Porta-Bandeira, os colun\u00e1veis Eduardo Gomes e Beth Urgal Queiros<\/p><\/div>\n<div id=\"attachment_112805\" style=\"width: 690px\" class=\"wp-caption aligncenter\"><img loading=\"lazy\" decoding=\"async\" aria-describedby=\"caption-attachment-112805\" class=\"wp-image-112805\" src=\"http:\/\/diarioregionaljf.com.br\/wp-content\/uploads\/2018\/07\/fotog-14-e1532555075427.jpg\" alt=\"\" width=\"680\" height=\"907\" \/><p id=\"caption-attachment-112805\" class=\"wp-caption-text\">Magos da tatuagem e cabelos se encontram no Rocket Pub, Pablo Ribeiro e Rhuan Fontes<\/p><\/div>\n<div id=\"attachment_112806\" style=\"width: 690px\" class=\"wp-caption aligncenter\"><img loading=\"lazy\" decoding=\"async\" aria-describedby=\"caption-attachment-112806\" class=\"wp-image-112806\" src=\"http:\/\/diarioregionaljf.com.br\/wp-content\/uploads\/2018\/07\/fotoi-14-e1532555192473.jpg\" alt=\"\" width=\"680\" height=\"471\" srcset=\"https:\/\/diarioregionaldigital.com.br\/wp-content\/uploads\/2018\/07\/fotoi-14-e1532555192473.jpg 720w, https:\/\/diarioregionaldigital.com.br\/wp-content\/uploads\/2018\/07\/fotoi-14-e1532555192473-300x208.jpg 300w, https:\/\/diarioregionaldigital.com.br\/wp-content\/uploads\/2018\/07\/fotoi-14-e1532555192473-360x250.jpg 360w, https:\/\/diarioregionaldigital.com.br\/wp-content\/uploads\/2018\/07\/fotoi-14-e1532555192473-100x70.jpg 100w\" sizes=\"auto, (max-width: 680px) 100vw, 680px\" \/><p id=\"caption-attachment-112806\" class=\"wp-caption-text\">O professor da UFJF Renato Nunes com o aluno \u00daliman Trindade comemorando TCC aprovado em Nutri\u00e7\u00e3o<\/p><\/div>\n<div id=\"attachment_112800\" style=\"width: 690px\" class=\"wp-caption aligncenter\"><img loading=\"lazy\" decoding=\"async\" aria-describedby=\"caption-attachment-112800\" class=\"wp-image-112800\" src=\"http:\/\/diarioregionaljf.com.br\/wp-content\/uploads\/2018\/07\/fotob-18-e1532554410305.jpg\" alt=\"\" width=\"680\" height=\"592\" srcset=\"https:\/\/diarioregionaldigital.com.br\/wp-content\/uploads\/2018\/07\/fotob-18-e1532554410305.jpg 636w, https:\/\/diarioregionaldigital.com.br\/wp-content\/uploads\/2018\/07\/fotob-18-e1532554410305-300x261.jpg 300w, https:\/\/diarioregionaldigital.com.br\/wp-content\/uploads\/2018\/07\/fotob-18-e1532554410305-360x314.jpg 360w\" sizes=\"auto, (max-width: 680px) 100vw, 680px\" \/><p id=\"caption-attachment-112800\" class=\"wp-caption-text\">Em noite alto astral no Rocket Pub, o antenado Eduardo Saleme<\/p><\/div>\n<div id=\"attachment_112811\" style=\"width: 690px\" class=\"wp-caption aligncenter\"><img loading=\"lazy\" decoding=\"async\" aria-describedby=\"caption-attachment-112811\" class=\"wp-image-112811\" src=\"http:\/\/diarioregionaljf.com.br\/wp-content\/uploads\/2018\/07\/fotof-14-e1532555425565.jpg\" alt=\"\" width=\"680\" height=\"638\" srcset=\"https:\/\/diarioregionaldigital.com.br\/wp-content\/uploads\/2018\/07\/fotof-14-e1532555425565.jpg 640w, https:\/\/diarioregionaldigital.com.br\/wp-content\/uploads\/2018\/07\/fotof-14-e1532555425565-300x281.jpg 300w, https:\/\/diarioregionaldigital.com.br\/wp-content\/uploads\/2018\/07\/fotof-14-e1532555425565-360x338.jpg 360w\" sizes=\"auto, (max-width: 680px) 100vw, 680px\" \/><p id=\"caption-attachment-112811\" class=\"wp-caption-text\">O charme da modelo Marjory com acess\u00f3rios de boina e gola by Candy. (Foto Thiago Cadeshi)<\/p><\/div>\n<div id=\"attachment_112812\" style=\"width: 690px\" class=\"wp-caption aligncenter\"><img loading=\"lazy\" decoding=\"async\" aria-describedby=\"caption-attachment-112812\" class=\"wp-image-112812\" src=\"http:\/\/diarioregionaljf.com.br\/wp-content\/uploads\/2018\/07\/fotoj-13-e1532555330303.jpg\" alt=\"\" width=\"680\" height=\"513\" srcset=\"https:\/\/diarioregionaldigital.com.br\/wp-content\/uploads\/2018\/07\/fotoj-13-e1532555330303.jpg 636w, https:\/\/diarioregionaldigital.com.br\/wp-content\/uploads\/2018\/07\/fotoj-13-e1532555330303-300x226.jpg 300w, https:\/\/diarioregionaldigital.com.br\/wp-content\/uploads\/2018\/07\/fotoj-13-e1532555330303-360x272.jpg 360w\" sizes=\"auto, (max-width: 680px) 100vw, 680px\" \/><p id=\"caption-attachment-112812\" class=\"wp-caption-text\">Fazendo pit-stop no Rocket Pub, o Mister Minas Gerais Unificado 2018, Luan Ottoni Lokkerbol e o amigo Rafael Rangel<\/p><\/div>\n<div id=\"attachment_112813\" style=\"width: 690px\" class=\"wp-caption aligncenter\"><img loading=\"lazy\" decoding=\"async\" aria-describedby=\"caption-attachment-112813\" class=\"wp-image-112813\" src=\"http:\/\/diarioregionaljf.com.br\/wp-content\/uploads\/2018\/07\/fotod-19-e1532555383454.jpg\" alt=\"\" width=\"680\" height=\"496\" srcset=\"https:\/\/diarioregionaldigital.com.br\/wp-content\/uploads\/2018\/07\/fotod-19-e1532555383454.jpg 960w, https:\/\/diarioregionaldigital.com.br\/wp-content\/uploads\/2018\/07\/fotod-19-e1532555383454-300x219.jpg 300w, https:\/\/diarioregionaldigital.com.br\/wp-content\/uploads\/2018\/07\/fotod-19-e1532555383454-768x560.jpg 768w, https:\/\/diarioregionaldigital.com.br\/wp-content\/uploads\/2018\/07\/fotod-19-e1532555383454-360x263.jpg 360w\" sizes=\"auto, (max-width: 680px) 100vw, 680px\" \/><p id=\"caption-attachment-112813\" class=\"wp-caption-text\">Gente solid\u00e1ria e cultura para talentos 2018, Jonathan Gilgamesh e Roberto Dilly<\/p><\/div>\n<div id=\"attachment_112809\" style=\"width: 690px\" class=\"wp-caption aligncenter\"><img loading=\"lazy\" decoding=\"async\" aria-describedby=\"caption-attachment-112809\" class=\"wp-image-112809\" src=\"http:\/\/diarioregionaljf.com.br\/wp-content\/uploads\/2018\/07\/fotoc-16.jpg\" alt=\"\" width=\"680\" height=\"463\" srcset=\"https:\/\/diarioregionaldigital.com.br\/wp-content\/uploads\/2018\/07\/fotoc-16.jpg 1764w, https:\/\/diarioregionaldigital.com.br\/wp-content\/uploads\/2018\/07\/fotoc-16-300x204.jpg 300w, https:\/\/diarioregionaldigital.com.br\/wp-content\/uploads\/2018\/07\/fotoc-16-768x522.jpg 768w, https:\/\/diarioregionaldigital.com.br\/wp-content\/uploads\/2018\/07\/fotoc-16-1024x697.jpg 1024w, https:\/\/diarioregionaldigital.com.br\/wp-content\/uploads\/2018\/07\/fotoc-16-360x245.jpg 360w\" sizes=\"auto, (max-width: 680px) 100vw, 680px\" \/><p id=\"caption-attachment-112809\" class=\"wp-caption-text\">Em cena no Premium FM Festival, no MHall, a talentosa Bia Nascimento<\/p><\/div>\n<div id=\"attachment_112808\" style=\"width: 690px\" class=\"wp-caption aligncenter\"><img loading=\"lazy\" decoding=\"async\" aria-describedby=\"caption-attachment-112808\" class=\"wp-image-112808\" src=\"http:\/\/diarioregionaljf.com.br\/wp-content\/uploads\/2018\/07\/fotol-5-e1532555483298.jpg\" alt=\"\" width=\"680\" height=\"576\" srcset=\"https:\/\/diarioregionaldigital.com.br\/wp-content\/uploads\/2018\/07\/fotol-5-e1532555483298.jpg 768w, https:\/\/diarioregionaldigital.com.br\/wp-content\/uploads\/2018\/07\/fotol-5-e1532555483298-300x254.jpg 300w, https:\/\/diarioregionaldigital.com.br\/wp-content\/uploads\/2018\/07\/fotol-5-e1532555483298-360x305.jpg 360w\" sizes=\"auto, (max-width: 680px) 100vw, 680px\" \/><p id=\"caption-attachment-112808\" class=\"wp-caption-text\">A eleg\u00e2ncia refinada de Ingrid Og Duayer em cena suave para esta coluna<\/p><\/div>\n<p style=\"text-align: center;\"><strong>FOTOSS\u00cdNTESE<\/strong><\/p>\n<p>Zana Scheffer, da Col\u00f4nia Alem\u00e3 de Juiz de Fora, avisa que os deliciosos produtos fabricados por eles podem ser adquiridos na quarta-feira (Parque Halfeld), sexta-feira (Feira na Pra\u00e7a S\u00e3o Mateus) e domingo (Feira no Bairro Bom Pastor.<\/p>\n<p>Celinho Vidal avisa que ser\u00e1 dia 10 de agosto a Festa DEC na Danke Clube. Vai bombar!<\/p>\n<p>Chegando em Juiz de Fora, a Sociedade Brasileira de Psican\u00e1lise e Evolu\u00e7\u00e3o Existencial (SBPE), trazendo o curso de Psican\u00e1lise Integrativa a n\u00edvel acad\u00eamico.<\/p>\n<p>Participando do II Semin\u00e1rio para Professores em Ingl\u00eas da Casa Thomas Jefferson, em Bras\u00edlia, Tet\u00ea Aleixo Prata e a filha Cristiane.<\/p>\n<p>Ser\u00e1 no pr\u00f3ximo s\u00e1bado, no ABC do Spazio Design, a oficina de pintura para mulheres, orquestrada pelas engenheiras Carolina Lacorte e Ol\u00edvia Gomes.<\/p>\n<p>A Loja Z\u00e9 Kodak agora revela fotos no Shopping Jardim Norte.<\/p>\n<p>Ser\u00e1 dia 4 de agosto, o 3\u00ba arrai\u00e1 da Butterfly promovido por Luciane Ribeiro e Otaciano Avidago.<\/p>\n<p>Comemorando 28 anos de casados em Cabo Frio, o querido casal Cl\u00e1udia e Jos\u00e9 Eduardo Oliveira.<\/p>\n<p>Andr\u00e9 Pavam vai colocar no j\u00fari do Miss Brasil Gay, dia 18 de agosto, no Terrazzo, mulheres lindas e chiques. Dentre elas, Larissa Lessa e Desirr\u00e9 Couri. No palco, shows maravilhosos. No segmento l\u00e1, duas festas com Fun House e Stomp.<\/p>\n<p>Juiz de Fora vive um ar cultural com a realiza\u00e7\u00e3o, at\u00e9 domingo, do Festival Internacional de M\u00fasica. Colonial Brasileira e M\u00fasica Antiga.<\/p>\n<p>De rar\u00edssima beleza e sensibilidade, o cat\u00e1logo assinado por Henricus Kamps com o tema \u201cCerim\u00f4nia de Adeus a um Casar\u00e3o de Juiz de Fora\u201d.<\/p>\n<p>Vem a\u00ed Agropecu\u00e1ria Trevo.<\/p>\n<p>Para ler e divulgar: \u201cA estrat\u00e9gia n\u00e3o \u00e9 a consequ\u00eancia do planejamento mas o contr\u00e1rio, o seu ponto de partida\u201d. (Henry Mintzberg). Bom dia.<\/p>\n","protected":false},"excerpt":{"rendered":"<p>Na Ponta dos P\u00e9s Ana L\u00edvia Delgado Saggioro e Ulisses Saggioro est\u00e3o em festa. A filha Luciana Saggioro de 12 anos que \u00e9 aluna do Petite Dance, no Rio de Janeiro, ganhou o trof\u00e9u \u201cBailarina Revela\u00e7\u00e3o, no Festival Internacional de Goi\u00e1s\u201d, al\u00e9m dos primeiros lugares com os solos livre e cl\u00e1ssico. Nasce uma nova estrela. [&hellip;]<\/p>\n","protected":false},"author":96,"featured_media":112798,"comment_status":"closed","ping_status":"closed","sticky":false,"template":"","format":"standard","meta":{"footnotes":""},"categories":[264],"tags":[],"class_list":["post-112814","post","type-post","status-publish","format-standard","has-post-thumbnail","hentry","category-eduardo-gomes"],"_links":{"self":[{"href":"https:\/\/diarioregionaldigital.com.br\/index.php?rest_route=\/wp\/v2\/posts\/112814","targetHints":{"allow":["GET"]}}],"collection":[{"href":"https:\/\/diarioregionaldigital.com.br\/index.php?rest_route=\/wp\/v2\/posts"}],"about":[{"href":"https:\/\/diarioregionaldigital.com.br\/index.php?rest_route=\/wp\/v2\/types\/post"}],"author":[{"embeddable":true,"href":"https:\/\/diarioregionaldigital.com.br\/index.php?rest_route=\/wp\/v2\/users\/96"}],"replies":[{"embeddable":true,"href":"https:\/\/diarioregionaldigital.com.br\/index.php?rest_route=%2Fwp%2Fv2%2Fcomments&post=112814"}],"version-history":[{"count":0,"href":"https:\/\/diarioregionaldigital.com.br\/index.php?rest_route=\/wp\/v2\/posts\/112814\/revisions"}],"wp:featuredmedia":[{"embeddable":true,"href":"https:\/\/diarioregionaldigital.com.br\/index.php?rest_route=\/wp\/v2\/media\/112798"}],"wp:attachment":[{"href":"https:\/\/diarioregionaldigital.com.br\/index.php?rest_route=%2Fwp%2Fv2%2Fmedia&parent=112814"}],"wp:term":[{"taxonomy":"category","embeddable":true,"href":"https:\/\/diarioregionaldigital.com.br\/index.php?rest_route=%2Fwp%2Fv2%2Fcategories&post=112814"},{"taxonomy":"post_tag","embeddable":true,"href":"https:\/\/diarioregionaldigital.com.br\/index.php?rest_route=%2Fwp%2Fv2%2Ftags&post=112814"}],"curies":[{"name":"wp","href":"https:\/\/api.w.org\/{rel}","templated":true}]}}