{"id":112793,"date":"2018-07-25T16:01:16","date_gmt":"2018-07-25T19:01:16","guid":{"rendered":"http:\/\/diarioregionaljf.com.br\/?p=112793"},"modified":"2018-07-25T16:04:03","modified_gmt":"2018-07-25T19:04:03","slug":"ufjf-candidatos-que-irao-fazer-o-pism-precisam-ter-cpf-proprio-para-fazer-inscricao","status":"publish","type":"post","link":"https:\/\/diarioregionaldigital.com.br\/?p=112793","title":{"rendered":"UFJF: candidatos que ir\u00e3o fazer o pism precisam ter CPF pr\u00f3prio para fazer inscri\u00e7\u00e3o"},"content":{"rendered":"<p>Com a aproxima\u00e7\u00e3o do per\u00edodo de inscri\u00e7\u00e3o para o Programa de Ingresso Seletivo Misto (Pism), a\u00a0Coordena\u00e7\u00e3o Geral de Processos Seletivos (Copese) alerta os candidatos que ainda n\u00e3o possuam Cadastro de Pessoa F\u00edsica (CPF) que o providenciem o quanto antes. O documento \u00e9 necess\u00e1rio, pois a inscri\u00e7\u00e3o no Pism 2019 s\u00f3 pode ser feita com o CPF do candidato, sendo proibido o uso do documento de terceiros, como pais ou respons\u00e1veis.<\/p>\n<p>As inscri\u00e7\u00f5es para o Pism 2019 ser\u00e3o feitas exclusivamente online, das 15h do dia 6 de agosto \u00e0s 18h do dia 27 do mesmo m\u00eas. O artigo 17 do edital\u00a0obriga o uso do CPF na inscri\u00e7\u00e3o e exige que o candidato informe, no momento do cadastro, um e-mail v\u00e1lido e ativo, para posterior confirma\u00e7\u00e3o.<\/p>\n<p>A Copese ainda alerta os candidatos aos m\u00f3dulos II e III do Pism 2019 que as inscri\u00e7\u00f5es devem ser refeitas a cada ano de participa\u00e7\u00e3o, assim como os pedidos de isen\u00e7\u00e3o, de atendimento especial e de nome social. A taxa de inscri\u00e7\u00e3o tamb\u00e9m precisa ser paga em cada um dos m\u00f3dulos.<\/p>\n<p>As provas do Pism ocorrem nos dias 1\u00ba e 2 de dezembro em quatro cidades: Juiz de Fora, Governador Valadares, Muria\u00e9 e Volta Redonda (RJ). Este ano, a UFJF oferece 2.318 vagas em 72 cursos por meio do Pism.<\/p>\n<p>&nbsp;<\/p>\n<p>Fonte: Assessoria UFJF<\/p>\n","protected":false},"excerpt":{"rendered":"<p>Com a aproxima\u00e7\u00e3o do per\u00edodo de inscri\u00e7\u00e3o para o Programa de Ingresso Seletivo Misto (Pism), a\u00a0Coordena\u00e7\u00e3o Geral de Processos Seletivos (Copese) alerta os candidatos que ainda n\u00e3o possuam Cadastro de Pessoa F\u00edsica (CPF) que o providenciem o quanto antes. O documento \u00e9 necess\u00e1rio, pois a inscri\u00e7\u00e3o no Pism 2019 s\u00f3 pode ser feita com o [&hellip;]<\/p>\n","protected":false},"author":96,"featured_media":112794,"comment_status":"closed","ping_status":"closed","sticky":false,"template":"","format":"standard","meta":{"footnotes":""},"categories":[253,440,439],"tags":[],"class_list":["post-112793","post","type-post","status-publish","format-standard","has-post-thumbnail","hentry","category-cidade","category-destaques-do-dia","category-ultima-hora"],"_links":{"self":[{"href":"https:\/\/diarioregionaldigital.com.br\/index.php?rest_route=\/wp\/v2\/posts\/112793","targetHints":{"allow":["GET"]}}],"collection":[{"href":"https:\/\/diarioregionaldigital.com.br\/index.php?rest_route=\/wp\/v2\/posts"}],"about":[{"href":"https:\/\/diarioregionaldigital.com.br\/index.php?rest_route=\/wp\/v2\/types\/post"}],"author":[{"embeddable":true,"href":"https:\/\/diarioregionaldigital.com.br\/index.php?rest_route=\/wp\/v2\/users\/96"}],"replies":[{"embeddable":true,"href":"https:\/\/diarioregionaldigital.com.br\/index.php?rest_route=%2Fwp%2Fv2%2Fcomments&post=112793"}],"version-history":[{"count":0,"href":"https:\/\/diarioregionaldigital.com.br\/index.php?rest_route=\/wp\/v2\/posts\/112793\/revisions"}],"wp:featuredmedia":[{"embeddable":true,"href":"https:\/\/diarioregionaldigital.com.br\/index.php?rest_route=\/wp\/v2\/media\/112794"}],"wp:attachment":[{"href":"https:\/\/diarioregionaldigital.com.br\/index.php?rest_route=%2Fwp%2Fv2%2Fmedia&parent=112793"}],"wp:term":[{"taxonomy":"category","embeddable":true,"href":"https:\/\/diarioregionaldigital.com.br\/index.php?rest_route=%2Fwp%2Fv2%2Fcategories&post=112793"},{"taxonomy":"post_tag","embeddable":true,"href":"https:\/\/diarioregionaldigital.com.br\/index.php?rest_route=%2Fwp%2Fv2%2Ftags&post=112793"}],"curies":[{"name":"wp","href":"https:\/\/api.w.org\/{rel}","templated":true}]}}