{"id":112786,"date":"2018-07-25T15:45:40","date_gmt":"2018-07-25T18:45:40","guid":{"rendered":"http:\/\/diarioregionaljf.com.br\/?p=112786"},"modified":"2018-07-25T15:46:32","modified_gmt":"2018-07-25T18:46:32","slug":"esa-realiza-concurso-de-admissao-ao-curso-de-formacao-de-sargentos","status":"publish","type":"post","link":"https:\/\/diarioregionaldigital.com.br\/?p=112786","title":{"rendered":"ESA realiza concurso de admiss\u00e3o ao Curso de Forma\u00e7\u00e3o de Sargentos"},"content":{"rendered":"<div class=\"gs\">\n<div class=\"\">\n<div id=\":nx\" class=\"ii gt\">\n<div id=\":nw\" class=\"a3s aXjCH \">\n<div class=\"gmail_quote\">\n<div>\n<div><\/div>\n<\/div>\n<\/div>\n<\/div>\n<\/div>\n<div class=\"hi\">\n<p>No pr\u00f3ximo domingo, 29, a Escola de Sargentos das Armas aplicar\u00e1 a prova do Concurso de Admiss\u00e3o 2018 ao Curso de Forma\u00e7\u00e3o de Sargentos 2019\/20, em todo Territ\u00f3rio Nacional. Os port\u00f5es ser\u00e3o abertos \u00e0s 10 horas (hor\u00e1rio de Bras\u00edlia) e fechado \u00e0s 11:30. As provas ter\u00e3o in\u00edcio \u00e0s 13 horas e encerramento \u00e0s 17 horas.<\/p>\n<p>A Escola de Sargentos das Armas (ESA) \u00e9 o Estabelecimento de Ensino de N\u00edvel Superior (Tecn\u00f3logo) do Ex\u00e9rcito Brasileiro, respons\u00e1vel pela forma\u00e7\u00e3o de Sargentos Combatentes de Carreira das Armas de: Infantaria, Cavalaria, Artilharia, Engenharia e Comunica\u00e7\u00f5es.<\/p>\n<p>Este ano, inscreveram-se para o concurso 93.554 candidatos, distribu\u00eddos da seguinte forma: Geral\/Avia\u00e7\u00e3o 85.647 inscritos, sendo 68.504 (masculino) e 17.143 (feminino); \u00c1rea de M\u00fasica com total de 2.345 candidatos, sendo 1.977 (masculino) e 368 (feminino); e \u00c1rea de Sa\u00fade com total de 5.562 concorrentes, sendo 1.204 (masculino) e 4.358 (feminino).<\/p>\n<p>O Concurso de Admiss\u00e3o apresenta as seguintes quantidades totais de vagas em cada \u00e1rea e vagas por candidatos: Geral \/Avia\u00e7\u00e3o: 910 vagas para o sexo masculino e 100 vagas para o sexo feminino, totalizando 1.010 vagas. Quanto \u00e0 concorr\u00eancia, 75,28 candidatos por vaga do sexo masculino e 171,43 candidatas por vaga do sexo feminino. Para a \u00c1rea de M\u00fasica s\u00e3o 30 vagas para ambos os sexos, sendo 78,17 a rela\u00e7\u00e3o de candidatos por vaga. J\u00e1 na \u00c1rea de Sa\u00fade s\u00e3o 60 vagas para ambos os sexos, sendo 92,7 candidatos por vaga.<\/p>\n<p>&nbsp;<\/p>\n<p>Fonte: Assessoria do Ex\u00e9rcito<\/p>\n<\/div>\n<\/div>\n<\/div>\n","protected":false},"excerpt":{"rendered":"<p>No pr\u00f3ximo domingo, 29, a Escola de Sargentos das Armas aplicar\u00e1 a prova do Concurso de Admiss\u00e3o 2018 ao Curso de Forma\u00e7\u00e3o de Sargentos 2019\/20, em todo Territ\u00f3rio Nacional. Os port\u00f5es ser\u00e3o abertos \u00e0s 10 horas (hor\u00e1rio de Bras\u00edlia) e fechado \u00e0s 11:30. As provas ter\u00e3o in\u00edcio \u00e0s 13 horas e encerramento \u00e0s 17 horas. [&hellip;]<\/p>\n","protected":false},"author":96,"featured_media":112788,"comment_status":"closed","ping_status":"closed","sticky":false,"template":"","format":"standard","meta":{"footnotes":""},"categories":[302,436,439],"tags":[],"class_list":["post-112786","post","type-post","status-publish","format-standard","has-post-thumbnail","hentry","category-brasil-mundo","category-destaque-da-semana","category-ultima-hora"],"_links":{"self":[{"href":"https:\/\/diarioregionaldigital.com.br\/index.php?rest_route=\/wp\/v2\/posts\/112786","targetHints":{"allow":["GET"]}}],"collection":[{"href":"https:\/\/diarioregionaldigital.com.br\/index.php?rest_route=\/wp\/v2\/posts"}],"about":[{"href":"https:\/\/diarioregionaldigital.com.br\/index.php?rest_route=\/wp\/v2\/types\/post"}],"author":[{"embeddable":true,"href":"https:\/\/diarioregionaldigital.com.br\/index.php?rest_route=\/wp\/v2\/users\/96"}],"replies":[{"embeddable":true,"href":"https:\/\/diarioregionaldigital.com.br\/index.php?rest_route=%2Fwp%2Fv2%2Fcomments&post=112786"}],"version-history":[{"count":0,"href":"https:\/\/diarioregionaldigital.com.br\/index.php?rest_route=\/wp\/v2\/posts\/112786\/revisions"}],"wp:featuredmedia":[{"embeddable":true,"href":"https:\/\/diarioregionaldigital.com.br\/index.php?rest_route=\/wp\/v2\/media\/112788"}],"wp:attachment":[{"href":"https:\/\/diarioregionaldigital.com.br\/index.php?rest_route=%2Fwp%2Fv2%2Fmedia&parent=112786"}],"wp:term":[{"taxonomy":"category","embeddable":true,"href":"https:\/\/diarioregionaldigital.com.br\/index.php?rest_route=%2Fwp%2Fv2%2Fcategories&post=112786"},{"taxonomy":"post_tag","embeddable":true,"href":"https:\/\/diarioregionaldigital.com.br\/index.php?rest_route=%2Fwp%2Fv2%2Ftags&post=112786"}],"curies":[{"name":"wp","href":"https:\/\/api.w.org\/{rel}","templated":true}]}}