{"id":112777,"date":"2018-07-25T15:30:15","date_gmt":"2018-07-25T18:30:15","guid":{"rendered":"http:\/\/diarioregionaljf.com.br\/?p=112777"},"modified":"2018-07-25T15:54:57","modified_gmt":"2018-07-25T18:54:57","slug":"exercito-deflagra-operacao-na-regiao-da-comunidade-da-rocinha","status":"publish","type":"post","link":"https:\/\/diarioregionaldigital.com.br\/?p=112777","title":{"rendered":"Ex\u00e9rcito deflagra opera\u00e7\u00e3o na regi\u00e3o da Comunidade da Rocinha"},"content":{"rendered":"<p>O Comando Conjunto, em apoio \u00e0 Secretaria de Estado de Seguran\u00e7a, e no contexto das medidas implementadas pela Interven\u00e7\u00e3o Federal na Seguran\u00e7a P\u00fablica, deflagrou, nessa quarta-feira, 25, opera\u00e7\u00e3o na regi\u00e3o da Comunidade da Rocinha, no munic\u00edpio do Rio de Janeiro.<\/p>\n<p>As a\u00e7\u00f5es concentram-se no cerco e na seguran\u00e7a do per\u00edmetro, contribuindo para a realiza\u00e7\u00e3o do rod\u00edzio peri\u00f3dico das tropas policias respons\u00e1veis pelo patrulhamento da Comunidade.<\/p>\n<p>Os militares realizam revistas de pessoas e de ve\u00edculos, al\u00e9m da checagem de antecedentes criminais.\u00a0S\u00e3o empregados 915 militares das For\u00e7as Armadas, com apoio de meios blindados e aeronaves.<\/p>\n<p>Algumas vias e acessos na regi\u00e3o poder\u00e3o ser interditados e setores do espa\u00e7o a\u00e9reo poder\u00e3o ser controlados, oportunamente, com restri\u00e7\u00f5es din\u00e2micas para aeronaves civis.<\/p>\n<p>N\u00e3o h\u00e1 interfer\u00eancia nas opera\u00e7\u00f5es dos aeroportos.<\/p>\n<p>As tropas efetuam a distribui\u00e7\u00e3o de folhetos impressos solicitando a colabora\u00e7\u00e3o da popula\u00e7\u00e3o. S\u00e3o oferecidos dois canais: um telefone para den\u00fancias an\u00f4nimas (2253-1177) e um e-mail para d\u00favidas, reclama\u00e7\u00f5es, coment\u00e1rios e sugest\u00f5es (<a href=\"mailto:ouvidoria.intervencao@cml.eb.mil.br\" target=\"_blank\" rel=\"noopener noreferrer\">ouvidoria.intervenc<\/a>a<a href=\"mailto:ouvidoria.intervencao@cml.eb.mil.br\" target=\"_blank\" rel=\"noopener noreferrer\">o@cml.eb.<wbr \/>mil.br<\/a>)<\/p>\n<p>&nbsp;<\/p>\n<p>Fonte: Assessoria Ex\u00e9rcito<\/p>\n","protected":false},"excerpt":{"rendered":"<p>O Comando Conjunto, em apoio \u00e0 Secretaria de Estado de Seguran\u00e7a, e no contexto das medidas implementadas pela Interven\u00e7\u00e3o Federal na Seguran\u00e7a P\u00fablica, deflagrou, nessa quarta-feira, 25, opera\u00e7\u00e3o na regi\u00e3o da Comunidade da Rocinha, no munic\u00edpio do Rio de Janeiro. As a\u00e7\u00f5es concentram-se no cerco e na seguran\u00e7a do per\u00edmetro, contribuindo para a realiza\u00e7\u00e3o do [&hellip;]<\/p>\n","protected":false},"author":96,"featured_media":112787,"comment_status":"closed","ping_status":"closed","sticky":false,"template":"","format":"standard","meta":{"footnotes":""},"categories":[302,440,439],"tags":[],"class_list":["post-112777","post","type-post","status-publish","format-standard","has-post-thumbnail","hentry","category-brasil-mundo","category-destaques-do-dia","category-ultima-hora"],"_links":{"self":[{"href":"https:\/\/diarioregionaldigital.com.br\/index.php?rest_route=\/wp\/v2\/posts\/112777","targetHints":{"allow":["GET"]}}],"collection":[{"href":"https:\/\/diarioregionaldigital.com.br\/index.php?rest_route=\/wp\/v2\/posts"}],"about":[{"href":"https:\/\/diarioregionaldigital.com.br\/index.php?rest_route=\/wp\/v2\/types\/post"}],"author":[{"embeddable":true,"href":"https:\/\/diarioregionaldigital.com.br\/index.php?rest_route=\/wp\/v2\/users\/96"}],"replies":[{"embeddable":true,"href":"https:\/\/diarioregionaldigital.com.br\/index.php?rest_route=%2Fwp%2Fv2%2Fcomments&post=112777"}],"version-history":[{"count":0,"href":"https:\/\/diarioregionaldigital.com.br\/index.php?rest_route=\/wp\/v2\/posts\/112777\/revisions"}],"wp:featuredmedia":[{"embeddable":true,"href":"https:\/\/diarioregionaldigital.com.br\/index.php?rest_route=\/wp\/v2\/media\/112787"}],"wp:attachment":[{"href":"https:\/\/diarioregionaldigital.com.br\/index.php?rest_route=%2Fwp%2Fv2%2Fmedia&parent=112777"}],"wp:term":[{"taxonomy":"category","embeddable":true,"href":"https:\/\/diarioregionaldigital.com.br\/index.php?rest_route=%2Fwp%2Fv2%2Fcategories&post=112777"},{"taxonomy":"post_tag","embeddable":true,"href":"https:\/\/diarioregionaldigital.com.br\/index.php?rest_route=%2Fwp%2Fv2%2Ftags&post=112777"}],"curies":[{"name":"wp","href":"https:\/\/api.w.org\/{rel}","templated":true}]}}