{"id":112757,"date":"2018-07-25T14:45:41","date_gmt":"2018-07-25T17:45:41","guid":{"rendered":"http:\/\/diarioregionaljf.com.br\/?p=112757"},"modified":"2018-07-25T14:45:41","modified_gmt":"2018-07-25T17:45:41","slug":"projeto-de-lei-que-institui-o-dia-de-informacao-e-conscientizacao-sobre-a-endometriose-e-sancionado-pelo-executivo","status":"publish","type":"post","link":"https:\/\/diarioregionaldigital.com.br\/?p=112757","title":{"rendered":"Projeto de Lei que institui o Dia de Informa\u00e7\u00e3o e Conscientiza\u00e7\u00e3o sobre a Endometriose \u00e9 sancionado pelo Executivo"},"content":{"rendered":"<p>O Projeto de Lei (PL) n\u00ba 43\/2018, de autoria do vereador Ant\u00f4nio Aguiar (MDB), foi sancionado pelo prefeito Ant\u00f4nio Almas. A proposta deste PL \u00e9 a de instituir o\u00a0 \u201cDia de Informa\u00e7\u00e3o e Conscientiza\u00e7\u00e3o sobre a Endometriose\u201d, a ser comemorado anualmente no dia 1\u00ba de mar\u00e7o, com esta data passando a integrar o calend\u00e1rio oficial do munic\u00edpio.<\/p>\n<p>Segundo justificativa apresentada pelo vereador, os principais objetivos deste projeto s\u00e3o os de proporcionar, al\u00e9m da informa\u00e7\u00e3o e do conhecimento, a discuss\u00e3o para que as mulheres tenham assist\u00eancia m\u00e9dica e multidisciplinar, pois existem outras terapias como fisioterapias espec\u00edficas, tratamentos psicol\u00f3gicos que podem ajudar as mulheres, garantindo-lhes a busca de um tratamento de qualidade e de respeito \u00e0s suas necessidades.<\/p>\n<p>Outro ponto destacado para demonstrar a import\u00e2ncia desta Lei, foi em rela\u00e7\u00e3o ao tempo m\u00e9dio de diagn\u00f3stico da doen\u00e7a. Atualmente a m\u00e9dia de tempo do diagn\u00f3stico demora entre sete e 12 anos, e o tratamento da endometriose, seja por meio de medica\u00e7\u00e3o e \u00e0s vezes at\u00e9 por procedimento cir\u00fargico, pode levar a cura dessa doen\u00e7a.<\/p>\n<p>Com a institui\u00e7\u00e3o desta Lei, ser\u00e3o promovidos debates sobre a assist\u00eancia m\u00e9dica e multidisciplinar que existem e que possam ajudar \u00e0s mulheres acometidas de Endometriose. Tamb\u00e9m ser\u00e1 solicitada a inclus\u00e3o de Juiz de Fora no movimento mundial chamado \u201cEndomarcha Mundial da Endometriose\u201d, al\u00e9m do reconhecimento da Endometriose como problema social de sa\u00fade p\u00fablica.<\/p>\n<p><strong>O que \u00e9 a Endometriose?<\/strong><\/p>\n<p>A endometriose \u00e9 uma afec\u00e7\u00e3o exclusiva da popula\u00e7\u00e3o feminina que caracteriza por um crescimento anormal do endom\u00e9trio que \u00e9 a parte do revestimento interno do \u00fatero, para fora do \u00fatero, normalmente ov\u00e1rio, perit\u00f4nio, intestino e outros \u00f3rg\u00e3os.<\/p>\n<p>Os sintomas principais dessa doen\u00e7a s\u00e3o dor, principalmente durante a menstrua\u00e7\u00e3o. Em processos mais avan\u00e7ados essa dor pode atingir toda a pelve, coluna, regi\u00e3o do reto, produz c\u00f3licas menstruais intensas e de dif\u00edcil controle, interfere na rela\u00e7\u00e3o sexual, pois pode levar a dor, trazer problemas na defeca\u00e7\u00e3o nessas mulheres com altera\u00e7\u00f5es de constipa\u00e7\u00e3o intestinal ou \u00e0s vezes diarr\u00e9ias, sangramento, infertilidade, dificuldade de urinar e at\u00e9 altera\u00e7\u00f5es do sono, sendo que os dois sintomas mais comuns a infertilidade e essas c\u00f3licas de dif\u00edcil controle.<\/p>\n<p>A endometriose \u00e9 uma doen\u00e7a que tem caracter\u00edsticas gen\u00e9ticas, ou seja, se a m\u00e3e ou outras mulheres na fam\u00edlia s\u00e3o acometidas da doen\u00e7a, essa mulher tem chance maior de ter endometriose, podendo \u00e0s vezes sinalizar no in\u00edcio da vida menstrual da menina ou adolescente, quando as dores j\u00e1 s\u00e3o de intensidade muito grande.<\/p>\n<p>&nbsp;<\/p>\n<p>Fonte: Assessoria C\u00e2mara JF<\/p>\n<p>&nbsp;<\/p>\n","protected":false},"excerpt":{"rendered":"<p>O Projeto de Lei (PL) n\u00ba 43\/2018, de autoria do vereador Ant\u00f4nio Aguiar (MDB), foi sancionado pelo prefeito Ant\u00f4nio Almas. A proposta deste PL \u00e9 a de instituir o\u00a0 \u201cDia de Informa\u00e7\u00e3o e Conscientiza\u00e7\u00e3o sobre a Endometriose\u201d, a ser comemorado anualmente no dia 1\u00ba de mar\u00e7o, com esta data passando a integrar o calend\u00e1rio oficial [&hellip;]<\/p>\n","protected":false},"author":96,"featured_media":112758,"comment_status":"closed","ping_status":"closed","sticky":false,"template":"","format":"standard","meta":{"footnotes":""},"categories":[254,439],"tags":[],"class_list":["post-112757","post","type-post","status-publish","format-standard","has-post-thumbnail","hentry","category-politica","category-ultima-hora"],"_links":{"self":[{"href":"https:\/\/diarioregionaldigital.com.br\/index.php?rest_route=\/wp\/v2\/posts\/112757","targetHints":{"allow":["GET"]}}],"collection":[{"href":"https:\/\/diarioregionaldigital.com.br\/index.php?rest_route=\/wp\/v2\/posts"}],"about":[{"href":"https:\/\/diarioregionaldigital.com.br\/index.php?rest_route=\/wp\/v2\/types\/post"}],"author":[{"embeddable":true,"href":"https:\/\/diarioregionaldigital.com.br\/index.php?rest_route=\/wp\/v2\/users\/96"}],"replies":[{"embeddable":true,"href":"https:\/\/diarioregionaldigital.com.br\/index.php?rest_route=%2Fwp%2Fv2%2Fcomments&post=112757"}],"version-history":[{"count":0,"href":"https:\/\/diarioregionaldigital.com.br\/index.php?rest_route=\/wp\/v2\/posts\/112757\/revisions"}],"wp:featuredmedia":[{"embeddable":true,"href":"https:\/\/diarioregionaldigital.com.br\/index.php?rest_route=\/wp\/v2\/media\/112758"}],"wp:attachment":[{"href":"https:\/\/diarioregionaldigital.com.br\/index.php?rest_route=%2Fwp%2Fv2%2Fmedia&parent=112757"}],"wp:term":[{"taxonomy":"category","embeddable":true,"href":"https:\/\/diarioregionaldigital.com.br\/index.php?rest_route=%2Fwp%2Fv2%2Fcategories&post=112757"},{"taxonomy":"post_tag","embeddable":true,"href":"https:\/\/diarioregionaldigital.com.br\/index.php?rest_route=%2Fwp%2Fv2%2Ftags&post=112757"}],"curies":[{"name":"wp","href":"https:\/\/api.w.org\/{rel}","templated":true}]}}