{"id":112667,"date":"2018-07-25T19:16:23","date_gmt":"2018-07-25T22:16:23","guid":{"rendered":"http:\/\/diarioregionaljf.com.br\/?p=112667"},"modified":"2018-07-24T19:19:38","modified_gmt":"2018-07-24T22:19:38","slug":"criancas-podem-desenvolver-toc","status":"publish","type":"post","link":"https:\/\/diarioregionaldigital.com.br\/?p=112667","title":{"rendered":"Crian\u00e7as podem desenvolver TOC"},"content":{"rendered":"<p>O Transtorno Obsessivo Compulsivo (TOC) \u00e9 um transtorno de ansiedade que faz o c\u00e9rebro ficar focado em alguns medos ou obsess\u00f5es. Quem tem TOC acredita que algo ruim pode acontecer caso esses ritos n\u00e3o sejam feitos. Alguns h\u00e1bitos comuns s\u00e3o lavar as m\u00e3os v\u00e1rias vezes e checar se a porta est\u00e1 fechada. Apesar de alguns acharem que isso \u00e9 s\u00f3 problema de adulto, isso pode tamb\u00e9m acontecer com as crian\u00e7as.<\/p>\n<p>Mas os pais n\u00e3o precisam ficar desesperados. O TOC infantil pode ser amenizado com tratamentos adequados. Mas \u00e9 importante que a fam\u00edlia fique atenta para algumas caracter\u00edsticas que podem ajudar a identificar os sinais e os tra\u00e7os manifestados pelos pequenos.<\/p>\n<p>Em rela\u00e7\u00e3o ao ambiente escolar, a crian\u00e7a com TOC geralmente n\u00e3o tem o aprendizado pedag\u00f3gico prejudicado. Por\u00e9m, \u00e9 prov\u00e1vel que o rendimento escolar fique comprometido diante do pensamento obsessivo ou do perfeccionismo ao escrever uma palavra, por exemplo.<\/p>\n<p>Outro ponto \u00e9 ter medo de utilizar alguma palavra achando que esta pode lev\u00e1-lo a uma situa\u00e7\u00e3o de trag\u00e9dia.\u00a0 Ao ficar presa nesses detalhes, ela n\u00e3o consegue aproveitar o conte\u00fado dado em sala de aula. Essa caracter\u00edstica \u00e9 bem comum entre crian\u00e7as que tenham TOC. Elas pensam que algo de ruim vai acontecer se n\u00e3o fizer determinada coisa ou se afastar de seus pais.<\/p>\n<p>As crian\u00e7as n\u00e3o sabem passar a mensagem que tem TOC para os adultos. Os pais e educadores que acabam percebendo alguns tra\u00e7os incomuns. Uma pista \u00e9 quando esses pensamentos obsessivos e atitudes compulsivas ocorrem, pelo menos, uma hora por dia.<\/p>\n<p>Outros sinais podem ser dores de cabe\u00e7a, dor de barriga, tristeza repentina e ang\u00fastia. Ali\u00e1s, o pequeno, ao sentir esses inc\u00f4modos, pode ficar com medo de manifestar tal situa\u00e7\u00e3o e ser reprimido pelos pais.<\/p>\n<p>\u00c9 importante levar a busca pelo diagn\u00f3stico correto, pois o TOC pode apresentar algumas comorbidades, tais como: esquizofrenia, TDAH, bipolaridade, S\u00edndrome de Touret, Transtorno de Espectro de Autismo, tiques (est\u00edmulos motores imprevis\u00edveis sem planejamento).<\/p>\n<p>O tratamento \u00e9 multidisciplinar e o acompanhamento do psiquiatra infantil \u00e9 muito importante, bem como do psic\u00f3logo. Esse cuidado \u00e9 fundamental para evitar problemas na vida acad\u00eamica, emocional, social, profissional, quando adulto, e afetiva.<\/p>\n<p>Uma crian\u00e7a com TOC pode manifestar problemas na vida acad\u00eamica, emocional, social, profissional, quando adulto, e afetiva. Corre s\u00e9rio risco da pessoa deixar de fazer coisas importantes para ficar imersa nessas situa\u00e7\u00f5es. Al\u00e9m disso, tais atitudes geram ang\u00fastia e medo.<\/p>\n<p>&nbsp;<\/p>\n","protected":false},"excerpt":{"rendered":"<p>O Transtorno Obsessivo Compulsivo (TOC) \u00e9 um transtorno de ansiedade que faz o c\u00e9rebro ficar focado em alguns medos ou obsess\u00f5es. Quem tem TOC acredita que algo ruim pode acontecer caso esses ritos n\u00e3o sejam feitos. Alguns h\u00e1bitos comuns s\u00e3o lavar as m\u00e3os v\u00e1rias vezes e checar se a porta est\u00e1 fechada. Apesar de alguns [&hellip;]<\/p>\n","protected":false},"author":96,"featured_media":112668,"comment_status":"closed","ping_status":"closed","sticky":false,"template":"","format":"standard","meta":{"footnotes":""},"categories":[291],"tags":[],"class_list":["post-112667","post","type-post","status-publish","format-standard","has-post-thumbnail","hentry","category-versoes-artigos-de-opiniao"],"_links":{"self":[{"href":"https:\/\/diarioregionaldigital.com.br\/index.php?rest_route=\/wp\/v2\/posts\/112667","targetHints":{"allow":["GET"]}}],"collection":[{"href":"https:\/\/diarioregionaldigital.com.br\/index.php?rest_route=\/wp\/v2\/posts"}],"about":[{"href":"https:\/\/diarioregionaldigital.com.br\/index.php?rest_route=\/wp\/v2\/types\/post"}],"author":[{"embeddable":true,"href":"https:\/\/diarioregionaldigital.com.br\/index.php?rest_route=\/wp\/v2\/users\/96"}],"replies":[{"embeddable":true,"href":"https:\/\/diarioregionaldigital.com.br\/index.php?rest_route=%2Fwp%2Fv2%2Fcomments&post=112667"}],"version-history":[{"count":0,"href":"https:\/\/diarioregionaldigital.com.br\/index.php?rest_route=\/wp\/v2\/posts\/112667\/revisions"}],"wp:featuredmedia":[{"embeddable":true,"href":"https:\/\/diarioregionaldigital.com.br\/index.php?rest_route=\/wp\/v2\/media\/112668"}],"wp:attachment":[{"href":"https:\/\/diarioregionaldigital.com.br\/index.php?rest_route=%2Fwp%2Fv2%2Fmedia&parent=112667"}],"wp:term":[{"taxonomy":"category","embeddable":true,"href":"https:\/\/diarioregionaldigital.com.br\/index.php?rest_route=%2Fwp%2Fv2%2Fcategories&post=112667"},{"taxonomy":"post_tag","embeddable":true,"href":"https:\/\/diarioregionaldigital.com.br\/index.php?rest_route=%2Fwp%2Fv2%2Ftags&post=112667"}],"curies":[{"name":"wp","href":"https:\/\/api.w.org\/{rel}","templated":true}]}}