{"id":112650,"date":"2018-07-24T17:14:12","date_gmt":"2018-07-24T20:14:12","guid":{"rendered":"http:\/\/diarioregionaljf.com.br\/?p=112650"},"modified":"2018-07-24T17:14:12","modified_gmt":"2018-07-24T20:14:12","slug":"carteiras-de-trabalho-poderao-ser-emitidas-em-agencias-dos-correios","status":"publish","type":"post","link":"https:\/\/diarioregionaldigital.com.br\/?p=112650","title":{"rendered":"Carteiras de trabalho poder\u00e3o ser emitidas em ag\u00eancias dos Correios"},"content":{"rendered":"<p>O Minist\u00e9rio do Trabalho e a Empresa Brasileira de Correios e Tel\u00e9grafos v\u00e3o firmar, nos pr\u00f3ximos dias, acordo de coopera\u00e7\u00e3o t\u00e9cnica para emiss\u00e3o da carteira de trabalho e previd\u00eancia social nas unidades da empresa. Pelo acordo, que foi anunciado nessa segunda-feira, 23, o projeto piloto ser\u00e1 implantado nos pr\u00f3ximos 30 dias no estado de S\u00e3o Paulo.<\/p>\n<p>Segundo o secret\u00e1rio executivo substituto do Minist\u00e9rio do Trabalho, Admilson Moreira, a iniciativa tem o objetivo de descentralizar a emiss\u00e3o da carteira de trabalho manual e informatizada e de levar o servi\u00e7o para mais perto da popula\u00e7\u00e3o. \u201cO prop\u00f3sito da parceria \u00e9 oferecer um servi\u00e7o mais \u00e1gil e acess\u00edvel ao trabalhador\u201d, disse Moreira.<\/p>\n<p>De acordo com o minist\u00e9rio, de janeiro a maio deste ano, foram emitidas mais de 2,3 milh\u00f5es de carteiras de trabalho no pa\u00eds, das quais 580 mil no estado de S\u00e3o Paulo.<\/p>\n<p>O servi\u00e7o de emiss\u00e3o de carteiras est\u00e1 dispon\u00edvel nas unidades ligadas ao Minist\u00e9rio do Trabalho e em unidades descentralizadas espalhadas pelo pa\u00eds, por meio de parcerias com estados e munic\u00edpios. A rede conta com cerca de 2,1 mil postos de atendimento.<\/p>\n<p>&nbsp;<\/p>\n<p>Fonte: Ag\u00eancia Brasil<\/p>\n","protected":false},"excerpt":{"rendered":"<p>O Minist\u00e9rio do Trabalho e a Empresa Brasileira de Correios e Tel\u00e9grafos v\u00e3o firmar, nos pr\u00f3ximos dias, acordo de coopera\u00e7\u00e3o t\u00e9cnica para emiss\u00e3o da carteira de trabalho e previd\u00eancia social nas unidades da empresa. Pelo acordo, que foi anunciado nessa segunda-feira, 23, o projeto piloto ser\u00e1 implantado nos pr\u00f3ximos 30 dias no estado de S\u00e3o [&hellip;]<\/p>\n","protected":false},"author":96,"featured_media":112651,"comment_status":"closed","ping_status":"closed","sticky":false,"template":"","format":"standard","meta":{"footnotes":""},"categories":[261,439],"tags":[],"class_list":["post-112650","post","type-post","status-publish","format-standard","has-post-thumbnail","hentry","category-economia","category-ultima-hora"],"_links":{"self":[{"href":"https:\/\/diarioregionaldigital.com.br\/index.php?rest_route=\/wp\/v2\/posts\/112650","targetHints":{"allow":["GET"]}}],"collection":[{"href":"https:\/\/diarioregionaldigital.com.br\/index.php?rest_route=\/wp\/v2\/posts"}],"about":[{"href":"https:\/\/diarioregionaldigital.com.br\/index.php?rest_route=\/wp\/v2\/types\/post"}],"author":[{"embeddable":true,"href":"https:\/\/diarioregionaldigital.com.br\/index.php?rest_route=\/wp\/v2\/users\/96"}],"replies":[{"embeddable":true,"href":"https:\/\/diarioregionaldigital.com.br\/index.php?rest_route=%2Fwp%2Fv2%2Fcomments&post=112650"}],"version-history":[{"count":0,"href":"https:\/\/diarioregionaldigital.com.br\/index.php?rest_route=\/wp\/v2\/posts\/112650\/revisions"}],"wp:featuredmedia":[{"embeddable":true,"href":"https:\/\/diarioregionaldigital.com.br\/index.php?rest_route=\/wp\/v2\/media\/112651"}],"wp:attachment":[{"href":"https:\/\/diarioregionaldigital.com.br\/index.php?rest_route=%2Fwp%2Fv2%2Fmedia&parent=112650"}],"wp:term":[{"taxonomy":"category","embeddable":true,"href":"https:\/\/diarioregionaldigital.com.br\/index.php?rest_route=%2Fwp%2Fv2%2Fcategories&post=112650"},{"taxonomy":"post_tag","embeddable":true,"href":"https:\/\/diarioregionaldigital.com.br\/index.php?rest_route=%2Fwp%2Fv2%2Ftags&post=112650"}],"curies":[{"name":"wp","href":"https:\/\/api.w.org\/{rel}","templated":true}]}}