{"id":112648,"date":"2018-07-24T17:11:12","date_gmt":"2018-07-24T20:11:12","guid":{"rendered":"http:\/\/diarioregionaljf.com.br\/?p=112648"},"modified":"2018-07-24T17:11:12","modified_gmt":"2018-07-24T20:11:12","slug":"numero-de-vagas-de-estagios-aumentou-13-no-primeiro-semestre","status":"publish","type":"post","link":"https:\/\/diarioregionaldigital.com.br\/?p=112648","title":{"rendered":"N\u00famero de vagas de est\u00e1gios aumentou 13% no primeiro semestre"},"content":{"rendered":"<p>As vagas para est\u00e1gios cresceram 13,4% no pa\u00eds, passando de 178.992 no primeiro semestre de 2017 para 203.062 no primeiro semestre deste ano. O\u00a0pa\u00eds tem atualmente 369.389 estagi\u00e1rios contratados, com taxa de 44% de contrata\u00e7\u00e3o posterior, quando o estudante se forma. Os dados foram divulgados\u00a0nessa ter\u00e7a-feira, 24, pelo Centro de Integra\u00e7\u00e3o Empresa Escola (CIEE), entidade sem fins lucrativos.<\/p>\n<p>Para os aprendizes, as vagas aumentaram 11,7% entre o primeiro semestre de 2017, quando surgiram 33.273 vagas, e o primeiro semestre de\u00a02018 (37.178\u00a0vagas). No total, o pa\u00eds contabiliza 114.599 aprendizes.<\/p>\n<p>Apesar dos n\u00fameros positivos, cerca de tr\u00eas milh\u00f5es de jovens ainda aguardam uma oportunidade, segundo o CIEE. O superintendente do CIEE, Humberto Casagrande, lembrou que o \u00edndice de desemprego entre as idades de 14 a 24 anos \u00e9 de cerca de 27% segundo dados do Minist\u00e9rio do Trabalho. \u201cN\u00e3o dando chance a esses jovens, eles v\u00e3o tentar outras sa\u00eddas\u201d, disse.<\/p>\n<p><strong>\u00a0<\/strong><\/p>\n<p><strong>Substitui\u00e7\u00e3o de m\u00e3o de obra<\/strong><\/p>\n<p>O presidente da entidade negou que o crescimento do n\u00famero de vagas ocorra por substitui\u00e7\u00e3o de profissionais efetivos por estagi\u00e1rios, que exigem menores encargos trabalhistas. \u201cEssa pr\u00e1tica j\u00e1 foi maior no passado.\u00a0Hoje\u00a0o n\u00edvel de den\u00fancia \u00e9 maior\u201d, disse.<\/p>\n<p>Casagrande disse que a entidade atua no convencimento com as empresas para aumentar a contrata\u00e7\u00e3o dos jovens. \u201cContratar estagi\u00e1rios n\u00e3o \u00e9 s\u00f3 uma a\u00e7\u00e3o social, mas tamb\u00e9m um bom neg\u00f3cio. Ainda mais num ambiente de crise, o aprendiz e o estagi\u00e1rio s\u00e3o muito ativos, gente de muito boa vontade, que compensa a falta de experi\u00eancia\u201d, disse ele.<\/p>\n<p><strong>\u00a0<\/strong><\/p>\n<p><strong>Perfil do estagi\u00e1rio<\/strong><\/p>\n<p>A maioria dos estudantes estagi\u00e1rios cursa o ensino superior (77,6%), seguido pelo ensino m\u00e9dio (18,3%), curso t\u00e9cnico (3,5%) e educa\u00e7\u00e3o especial (0,6%). As mulheres predominam, respondendo por 65% dos estagi\u00e1rios.<\/p>\n<p>Os cursos de n\u00edvel superior com maior n\u00famero de estagi\u00e1rios s\u00e3o, em ordem crescente: direito, pedagogia, administra\u00e7\u00e3o, ci\u00eancias cont\u00e1beis, engenharia civil, educa\u00e7\u00e3o f\u00edsica, psicologia, publicidade e enfermagem. Entre os cursos t\u00e9cnicos, predominam administra\u00e7\u00e3o, seguido por enfermagem, inform\u00e1tica e seguran\u00e7a do trabalho.<\/p>\n<p>Os valores m\u00e9dios pagos em bolsa-aux\u00edlio de est\u00e1gio na Grande S\u00e3o Paulo variam de R$897,60 para o curso de Tecnologia em Gest\u00e3o de Recursos Humanos e R$1.947 para Engenharia de Produ\u00e7\u00e3o.<\/p>\n<p>&nbsp;<\/p>\n<p>Fonte: Ag\u00eancia Brasil<\/p>\n","protected":false},"excerpt":{"rendered":"<p>As vagas para est\u00e1gios cresceram 13,4% no pa\u00eds, passando de 178.992 no primeiro semestre de 2017 para 203.062 no primeiro semestre deste ano. O\u00a0pa\u00eds tem atualmente 369.389 estagi\u00e1rios contratados, com taxa de 44% de contrata\u00e7\u00e3o posterior, quando o estudante se forma. Os dados foram divulgados\u00a0nessa ter\u00e7a-feira, 24, pelo Centro de Integra\u00e7\u00e3o Empresa Escola (CIEE), entidade [&hellip;]<\/p>\n","protected":false},"author":96,"featured_media":105072,"comment_status":"closed","ping_status":"closed","sticky":false,"template":"","format":"standard","meta":{"footnotes":""},"categories":[261,439],"tags":[],"class_list":["post-112648","post","type-post","status-publish","format-standard","has-post-thumbnail","hentry","category-economia","category-ultima-hora"],"_links":{"self":[{"href":"https:\/\/diarioregionaldigital.com.br\/index.php?rest_route=\/wp\/v2\/posts\/112648","targetHints":{"allow":["GET"]}}],"collection":[{"href":"https:\/\/diarioregionaldigital.com.br\/index.php?rest_route=\/wp\/v2\/posts"}],"about":[{"href":"https:\/\/diarioregionaldigital.com.br\/index.php?rest_route=\/wp\/v2\/types\/post"}],"author":[{"embeddable":true,"href":"https:\/\/diarioregionaldigital.com.br\/index.php?rest_route=\/wp\/v2\/users\/96"}],"replies":[{"embeddable":true,"href":"https:\/\/diarioregionaldigital.com.br\/index.php?rest_route=%2Fwp%2Fv2%2Fcomments&post=112648"}],"version-history":[{"count":0,"href":"https:\/\/diarioregionaldigital.com.br\/index.php?rest_route=\/wp\/v2\/posts\/112648\/revisions"}],"wp:featuredmedia":[{"embeddable":true,"href":"https:\/\/diarioregionaldigital.com.br\/index.php?rest_route=\/wp\/v2\/media\/105072"}],"wp:attachment":[{"href":"https:\/\/diarioregionaldigital.com.br\/index.php?rest_route=%2Fwp%2Fv2%2Fmedia&parent=112648"}],"wp:term":[{"taxonomy":"category","embeddable":true,"href":"https:\/\/diarioregionaldigital.com.br\/index.php?rest_route=%2Fwp%2Fv2%2Fcategories&post=112648"},{"taxonomy":"post_tag","embeddable":true,"href":"https:\/\/diarioregionaldigital.com.br\/index.php?rest_route=%2Fwp%2Fv2%2Ftags&post=112648"}],"curies":[{"name":"wp","href":"https:\/\/api.w.org\/{rel}","templated":true}]}}