{"id":112634,"date":"2018-07-24T15:45:09","date_gmt":"2018-07-24T18:45:09","guid":{"rendered":"http:\/\/diarioregionaljf.com.br\/?p=112634"},"modified":"2018-07-24T15:45:09","modified_gmt":"2018-07-24T18:45:09","slug":"projeto-proibe-agencias-de-emprego-de-cobrar-taxas-para-cadastro-de-curriculo","status":"publish","type":"post","link":"https:\/\/diarioregionaldigital.com.br\/?p=112634","title":{"rendered":"Projeto pro\u00edbe ag\u00eancias de emprego de cobrar taxas para cadastro de curr\u00edculo"},"content":{"rendered":"<p>A C\u00e2mara dos Deputados analisa o Projeto de Lei 8772\/17, do deputado Nilto Tatto (PT-SP), que pro\u00edbe ag\u00eancias de emprego de cobrar de candidatos taxas para cadastro de curr\u00edculo no banco de dados ou inscri\u00e7\u00e3o em processo seletivo.<\/p>\n<p>A proposta altera a CLT (Decreto-lei n\u00ba 5.452 de 1943). O autor observa que essa proibi\u00e7\u00e3o j\u00e1 est\u00e1 expressa em tratado da Organiza\u00e7\u00e3o Internacional do Trabalho (OIT) sobre ag\u00eancias de empregos privadas, que ainda n\u00e3o foi ratificado pelo pa\u00eds.<\/p>\n<p>\u201cEsse tipo de cobran\u00e7a deve ser combatida porque a busca de uma coloca\u00e7\u00e3o no mercado de trabalho \u00e9, na maioria das vezes, a luta incessante de um pai de fam\u00edlia desempregado ou de um jovem que busca seu primeiro emprego\u201d, justificou o deputado.<\/p>\n<p><strong>\u00a0<\/strong><\/p>\n<p><strong>TRAMITA\u00c7\u00c3O<\/strong><\/p>\n<p>A proposta ser\u00e1 analisada de forma\u00a0conclusiva\u00a0pelas comiss\u00f5es de Trabalho, de Administra\u00e7\u00e3o e Servi\u00e7o P\u00fablico; e de Constitui\u00e7\u00e3o e Justi\u00e7a e de Cidadania.<\/p>\n<p>&nbsp;<\/p>\n<p>Foto: \u00a0Ag\u00eancia C\u00e2mara Not\u00edcias<\/p>\n","protected":false},"excerpt":{"rendered":"<p>A C\u00e2mara dos Deputados analisa o Projeto de Lei 8772\/17, do deputado Nilto Tatto (PT-SP), que pro\u00edbe ag\u00eancias de emprego de cobrar de candidatos taxas para cadastro de curr\u00edculo no banco de dados ou inscri\u00e7\u00e3o em processo seletivo. A proposta altera a CLT (Decreto-lei n\u00ba 5.452 de 1943). O autor observa que essa proibi\u00e7\u00e3o j\u00e1 [&hellip;]<\/p>\n","protected":false},"author":96,"featured_media":112635,"comment_status":"closed","ping_status":"closed","sticky":false,"template":"","format":"standard","meta":{"footnotes":""},"categories":[254,439],"tags":[],"class_list":["post-112634","post","type-post","status-publish","format-standard","has-post-thumbnail","hentry","category-politica","category-ultima-hora"],"_links":{"self":[{"href":"https:\/\/diarioregionaldigital.com.br\/index.php?rest_route=\/wp\/v2\/posts\/112634","targetHints":{"allow":["GET"]}}],"collection":[{"href":"https:\/\/diarioregionaldigital.com.br\/index.php?rest_route=\/wp\/v2\/posts"}],"about":[{"href":"https:\/\/diarioregionaldigital.com.br\/index.php?rest_route=\/wp\/v2\/types\/post"}],"author":[{"embeddable":true,"href":"https:\/\/diarioregionaldigital.com.br\/index.php?rest_route=\/wp\/v2\/users\/96"}],"replies":[{"embeddable":true,"href":"https:\/\/diarioregionaldigital.com.br\/index.php?rest_route=%2Fwp%2Fv2%2Fcomments&post=112634"}],"version-history":[{"count":0,"href":"https:\/\/diarioregionaldigital.com.br\/index.php?rest_route=\/wp\/v2\/posts\/112634\/revisions"}],"wp:featuredmedia":[{"embeddable":true,"href":"https:\/\/diarioregionaldigital.com.br\/index.php?rest_route=\/wp\/v2\/media\/112635"}],"wp:attachment":[{"href":"https:\/\/diarioregionaldigital.com.br\/index.php?rest_route=%2Fwp%2Fv2%2Fmedia&parent=112634"}],"wp:term":[{"taxonomy":"category","embeddable":true,"href":"https:\/\/diarioregionaldigital.com.br\/index.php?rest_route=%2Fwp%2Fv2%2Fcategories&post=112634"},{"taxonomy":"post_tag","embeddable":true,"href":"https:\/\/diarioregionaldigital.com.br\/index.php?rest_route=%2Fwp%2Fv2%2Ftags&post=112634"}],"curies":[{"name":"wp","href":"https:\/\/api.w.org\/{rel}","templated":true}]}}