{"id":112631,"date":"2018-07-24T15:39:12","date_gmt":"2018-07-24T18:39:12","guid":{"rendered":"http:\/\/diarioregionaljf.com.br\/?p=112631"},"modified":"2018-07-24T15:39:12","modified_gmt":"2018-07-24T18:39:12","slug":"presidentes-do-brasil-e-mexico-discutem-expansao-do-comercio-bilateral","status":"publish","type":"post","link":"https:\/\/diarioregionaldigital.com.br\/?p=112631","title":{"rendered":"Presidentes do Brasil e M\u00e9xico discutem expans\u00e3o do com\u00e9rcio bilateral"},"content":{"rendered":"<p>O presidente Michel Temer se reuniu com o presidente do M\u00e9xico, Enrique Pe\u00f1a Nieto, na cidade mexicana de Puerto Vallarta, e tratou da expans\u00e3o nas rela\u00e7\u00f5es comerciais entre os dois pa\u00edses. Temer saiu do encontro otimista, mas nenhum acordo a esse respeito foi firmado ainda. Temer est\u00e1 no M\u00e9xico para participar da 1\u00aa Reuni\u00e3o de Presidentes do Mercosul e da Alian\u00e7a do Pac\u00edfico.<\/p>\n<p>\u201cAs rela\u00e7\u00f5es M\u00e9xico-Brasil, que j\u00e1 s\u00e3o mais do que razo\u00e1veis, est\u00e3o sendo intensificadas por essa conversa que estamos tendo, especificamente no tocante \u00e0s rela\u00e7\u00f5es comerciais\u201d, disse Temer, ao sair do encontro.<\/p>\n<p>Dentre os assuntos abordados, est\u00e1 a possibilidade de o M\u00e9xico exportar feij\u00e3o para o Brasil que, por sua vez, exportaria arroz para os mexicanos. Al\u00e9m disso, Temer pediu para que o M\u00e9xico aumente o limite de entrada dos frangos produzidos no Brasil. \u201cN\u00f3s temos uma cota de frangos de 300 mil toneladas. E eu pedi que examinasse a possibilidade de aumentar essa cota, j\u00e1 que estamos atingindo a cota no presente momento. Ent\u00e3o esta mat\u00e9ria ficou de ser examinada\u201d.<\/p>\n<p>O mandat\u00e1rio mexicano n\u00e3o assumiu nenhuma proposta com o Brasil, pois vai conversar antes com os demais integrantes do Tratado de Livre-Com\u00e9rcio da Am\u00e9rica do Norte (Nafta, na sigla em ingl\u00eas), bloco formado com Estados Unidos e Canad\u00e1. \u201cEle pediu que aguard\u00e1ssemos at\u00e9 agosto para que, depois das reuni\u00f5es com Estados Unidos, Canad\u00e1, etc, eles possam conversar mais objetivamente com o nosso pa\u00eds\u201d, explicou Temer.<\/p>\n<p>&nbsp;<\/p>\n<p><strong>Coopera\u00e7\u00e3o aduaneira<\/strong><\/p>\n<p>Temer e Pe\u00f1a Nieto assinaram um acordo de coopera\u00e7\u00e3o aduaneira entre os dois pa\u00edses, chamado Acordo sobre Coopera\u00e7\u00e3o e Assist\u00eancia Administrativa M\u00fatua em Assuntos Aduaneiros. O presidente brasileiro passou o dia no M\u00e9xico para conversar com Pe\u00f1a Nieto e participar de um jantar com chefes de Estado da Alian\u00e7a do Pac\u00edfico \u2013 bloco formado por Chile, Peru, Col\u00f4mbia e M\u00e9xico.<\/p>\n<p>O presidente do Uruguai, atual presidente do Mercosul, tamb\u00e9m estava presente. Representantes dos dois blocos fizeram uma reuni\u00e3o nessa ter\u00e7a-feira, 24, em evento que ocorre paralelamente \u00e0 13\u00aa edi\u00e7\u00e3o da C\u00fapula da Alian\u00e7a do Pac\u00edfico.<\/p>\n<p>A possibilidade de acordo entre a Alian\u00e7a e o Mercosul se intensificou a partir de 2014, quando foram adotadas medidas de facilita\u00e7\u00e3o das trocas comerciais entre os pa\u00edses da regi\u00e3o. Desde ent\u00e3o, j\u00e1 foram removidas v\u00e1rias barreiras tarif\u00e1rias e regulat\u00f3rias ao com\u00e9rcio entre os integrantes dos blocos, al\u00e9m de facilita\u00e7\u00e3o de coopera\u00e7\u00e3o aduaneira e a intera\u00e7\u00e3o de empresas, principalmente de pequeno e m\u00e9dio porte.<\/p>\n<p>&nbsp;<\/p>\n<p><strong>Reuni\u00e3o do Brics<\/strong><\/p>\n<p>Ap\u00f3s as reuni\u00f5es dessa ter\u00e7a-feira, Temer deixa o M\u00e9xico. Far\u00e1 uma parada em Bras\u00edlia, mas a previs\u00e3o \u00e9 que siga ainda no mesmo dia para Joanesburgo, na \u00c1frica do Sul, para o encontro do Brics, bloco formado pelo Brasil, a R\u00fassia, \u00cdndia, China e \u00c1frica do Sul.<\/p>\n<p>&nbsp;<\/p>\n<p>Fonte: Ag\u00eancia Brasil<\/p>\n","protected":false},"excerpt":{"rendered":"<p>O presidente Michel Temer se reuniu com o presidente do M\u00e9xico, Enrique Pe\u00f1a Nieto, na cidade mexicana de Puerto Vallarta, e tratou da expans\u00e3o nas rela\u00e7\u00f5es comerciais entre os dois pa\u00edses. Temer saiu do encontro otimista, mas nenhum acordo a esse respeito foi firmado ainda. Temer est\u00e1 no M\u00e9xico para participar da 1\u00aa Reuni\u00e3o de [&hellip;]<\/p>\n","protected":false},"author":96,"featured_media":112632,"comment_status":"closed","ping_status":"closed","sticky":false,"template":"","format":"standard","meta":{"footnotes":""},"categories":[254,439],"tags":[],"class_list":["post-112631","post","type-post","status-publish","format-standard","has-post-thumbnail","hentry","category-politica","category-ultima-hora"],"_links":{"self":[{"href":"https:\/\/diarioregionaldigital.com.br\/index.php?rest_route=\/wp\/v2\/posts\/112631","targetHints":{"allow":["GET"]}}],"collection":[{"href":"https:\/\/diarioregionaldigital.com.br\/index.php?rest_route=\/wp\/v2\/posts"}],"about":[{"href":"https:\/\/diarioregionaldigital.com.br\/index.php?rest_route=\/wp\/v2\/types\/post"}],"author":[{"embeddable":true,"href":"https:\/\/diarioregionaldigital.com.br\/index.php?rest_route=\/wp\/v2\/users\/96"}],"replies":[{"embeddable":true,"href":"https:\/\/diarioregionaldigital.com.br\/index.php?rest_route=%2Fwp%2Fv2%2Fcomments&post=112631"}],"version-history":[{"count":0,"href":"https:\/\/diarioregionaldigital.com.br\/index.php?rest_route=\/wp\/v2\/posts\/112631\/revisions"}],"wp:featuredmedia":[{"embeddable":true,"href":"https:\/\/diarioregionaldigital.com.br\/index.php?rest_route=\/wp\/v2\/media\/112632"}],"wp:attachment":[{"href":"https:\/\/diarioregionaldigital.com.br\/index.php?rest_route=%2Fwp%2Fv2%2Fmedia&parent=112631"}],"wp:term":[{"taxonomy":"category","embeddable":true,"href":"https:\/\/diarioregionaldigital.com.br\/index.php?rest_route=%2Fwp%2Fv2%2Fcategories&post=112631"},{"taxonomy":"post_tag","embeddable":true,"href":"https:\/\/diarioregionaldigital.com.br\/index.php?rest_route=%2Fwp%2Fv2%2Ftags&post=112631"}],"curies":[{"name":"wp","href":"https:\/\/api.w.org\/{rel}","templated":true}]}}