{"id":112628,"date":"2018-07-24T15:31:46","date_gmt":"2018-07-24T18:31:46","guid":{"rendered":"http:\/\/diarioregionaljf.com.br\/?p=112628"},"modified":"2018-07-24T15:31:46","modified_gmt":"2018-07-24T18:31:46","slug":"grupo-protesta-no-stf-e-pinta-o-predio-de-vermelho","status":"publish","type":"post","link":"https:\/\/diarioregionaldigital.com.br\/?p=112628","title":{"rendered":"Grupo protesta no STF e pinta o pr\u00e9dio de vermelho"},"content":{"rendered":"<p>Cerca de 20 manifestantes vestidos com cartolinas representando a Constitui\u00e7\u00e3o e a Carteira de Trabalho protestaram hoje, 23, no Supremo Tribunal Federal (STF) e derramaram tinta vermelha em uma das entradas do pr\u00e9dio principal da Corte, por onde os ministros costumam entrar para as sess\u00f5es plen\u00e1rias, \u00e1rea conhecida como Sal\u00e3o Branco.<\/p>\n<p>O protesto durou cerca de 10 minutos, e foi encerrado quando os seguran\u00e7as do STF tentaram impedir que a sede do tribunal fosse pintada com tinta vermelha. Os manifestantes foram embora em duas vans aos gritos de \u201cLula Livre!\u201d.<\/p>\n<p>O grupo n\u00e3o foi identificado e ningu\u00e9m foi detido.\u00a0A Pol\u00edcia Federal foi acionada para investigar o ocorrido.<\/p>\n<p>Durante o protesto, que ocorreu por volta das 12h30, os manifestantes entoaram uma par\u00f3dia da m\u00fasica \u201cFuneral de um Lavrador\u201d, de Chico Buarque, com letra contra a reforma trabalhista e a pol\u00edtica de pre\u00e7os da Petrobras.<\/p>\n<p>Essa foi a\u00a0segunda\u00a0vez que o pr\u00e9dio principal do STF serviu de palco para manifesta\u00e7\u00f5es contra a pris\u00e3o do ex-presidente Luiz In\u00e1cio Lula da Silva. Na \u00faltima\u00a0sexta-feira, 20, um grupo fez uma manifesta\u00e7\u00e3o tamb\u00e9m no Sal\u00e3o Branco.<\/p>\n<p>Em abril, um dia depois de o STF negar um\u00a0<em>habeas corpus\u00a0<\/em>preventivo a Lula, o pr\u00e9dio em que a presidente da Corte, ministra C\u00e1rmen L\u00facia, tem resid\u00eancia em Belo Horizonte tamb\u00e9m teve sua fachada pintada por tinta vermelha.<\/p>\n<p>&nbsp;<\/p>\n<p>Fonte: Ag\u00eancia Brasil<\/p>\n","protected":false},"excerpt":{"rendered":"<p>Cerca de 20 manifestantes vestidos com cartolinas representando a Constitui\u00e7\u00e3o e a Carteira de Trabalho protestaram hoje, 23, no Supremo Tribunal Federal (STF) e derramaram tinta vermelha em uma das entradas do pr\u00e9dio principal da Corte, por onde os ministros costumam entrar para as sess\u00f5es plen\u00e1rias, \u00e1rea conhecida como Sal\u00e3o Branco. O protesto durou cerca [&hellip;]<\/p>\n","protected":false},"author":96,"featured_media":112629,"comment_status":"closed","ping_status":"closed","sticky":false,"template":"","format":"standard","meta":{"footnotes":""},"categories":[302,439],"tags":[],"class_list":["post-112628","post","type-post","status-publish","format-standard","has-post-thumbnail","hentry","category-brasil-mundo","category-ultima-hora"],"_links":{"self":[{"href":"https:\/\/diarioregionaldigital.com.br\/index.php?rest_route=\/wp\/v2\/posts\/112628","targetHints":{"allow":["GET"]}}],"collection":[{"href":"https:\/\/diarioregionaldigital.com.br\/index.php?rest_route=\/wp\/v2\/posts"}],"about":[{"href":"https:\/\/diarioregionaldigital.com.br\/index.php?rest_route=\/wp\/v2\/types\/post"}],"author":[{"embeddable":true,"href":"https:\/\/diarioregionaldigital.com.br\/index.php?rest_route=\/wp\/v2\/users\/96"}],"replies":[{"embeddable":true,"href":"https:\/\/diarioregionaldigital.com.br\/index.php?rest_route=%2Fwp%2Fv2%2Fcomments&post=112628"}],"version-history":[{"count":0,"href":"https:\/\/diarioregionaldigital.com.br\/index.php?rest_route=\/wp\/v2\/posts\/112628\/revisions"}],"wp:featuredmedia":[{"embeddable":true,"href":"https:\/\/diarioregionaldigital.com.br\/index.php?rest_route=\/wp\/v2\/media\/112629"}],"wp:attachment":[{"href":"https:\/\/diarioregionaldigital.com.br\/index.php?rest_route=%2Fwp%2Fv2%2Fmedia&parent=112628"}],"wp:term":[{"taxonomy":"category","embeddable":true,"href":"https:\/\/diarioregionaldigital.com.br\/index.php?rest_route=%2Fwp%2Fv2%2Fcategories&post=112628"},{"taxonomy":"post_tag","embeddable":true,"href":"https:\/\/diarioregionaldigital.com.br\/index.php?rest_route=%2Fwp%2Fv2%2Ftags&post=112628"}],"curies":[{"name":"wp","href":"https:\/\/api.w.org\/{rel}","templated":true}]}}