{"id":112624,"date":"2018-07-24T15:18:44","date_gmt":"2018-07-24T18:18:44","guid":{"rendered":"http:\/\/diarioregionaljf.com.br\/?p=112624"},"modified":"2018-07-24T15:18:44","modified_gmt":"2018-07-24T18:18:44","slug":"se-disponibiliza-vagas-ociosas-para-creches-na-rede-municipal","status":"publish","type":"post","link":"https:\/\/diarioregionaldigital.com.br\/?p=112624","title":{"rendered":"SE disponibiliza vagas ociosas para creches na rede municipal"},"content":{"rendered":"<p>Os interessados em cadastrar crian\u00e7as entre zero e tr\u00eas anos e 11 meses nas vagas ociosas para atendimento nas creches em 2018, nas institui\u00e7\u00f5es p\u00fablicas ou conveniadas \u00e0 Prefeitura de Juiz de Fora (PJF), podem realizar o cadastro a partir da pr\u00f3xima segunda-feira, 30. As inscri\u00e7\u00f5es, que n\u00e3o garantem a vaga, devem ser feitas no Centro de Refer\u00eancia de Assist\u00eancia Social (Cras), de acordo com a \u00e1rea de abrang\u00eancia, at\u00e9 3 de agosto.<\/p>\n<p>Os pais ou respons\u00e1veis devem levar a seguinte documenta\u00e7\u00e3o (original e c\u00f3pia): comprovante de resid\u00eancia, identidade do respons\u00e1vel pela crian\u00e7a e de todos os adultos da casa, certid\u00e3o de nascimento das crian\u00e7as e dos adolescentes que moram na casa (de zero a 17 anos), comprovante de renda de todos os maiores de 18 anos e, se for o caso, do adolescente aprendiz, inclusive Bolsa Fam\u00edlia, laudo m\u00e9dico para as crian\u00e7as com defici\u00eancia ou neoplasia (c\u00e2ncer), laudo m\u00e9dico com o nome do cuidador, em caso de familiar dependente por doen\u00e7a e documento expedido por \u00f3rg\u00e3o competente, que comprove casos de crian\u00e7as v\u00edtimas de viol\u00eancia dom\u00e9stica.<\/p>\n<p>Dever\u00e3o tamb\u00e9m ser apresentados os documentos originais da guarda formal da crian\u00e7a, caso n\u00e3o seja o pai ou a m\u00e3e, comprovante de matr\u00edcula na creche, em caso de irm\u00e3os frequentando a mesma unidade, documento de encaminhamento da Vara da Inf\u00e2ncia, Conselho Tutelar, Centro de Refer\u00eancia Especializados de Assist\u00eancia Social (Creas), Cras e Casa de Acolhimento, caso a fam\u00edlia esteja vivenciando situa\u00e7\u00e3o de vulnerabilidade social, e n\u00famero de identifica\u00e7\u00e3o social (NIS) da crian\u00e7a.<\/p>\n<p>As creches oferecem atendimento em tempo integral de, no m\u00ednimo, sete horas di\u00e1rias. Atualmente, a rede municipal atende mais de 4.300 crian\u00e7as matriculadas nas 46 unidades p\u00fablicas e conveniadas. A classifica\u00e7\u00e3o segue crit\u00e9rios de vulnerabilidade social. D\u00favidas podem ser esclarecidas na Secretaria de Educa\u00e7\u00e3o (SE), pelo telefone 3690-7721 ou 3690-7995.<\/p>\n<p>&nbsp;<\/p>\n<p>Fonte: Assessoria PJF<\/p>\n","protected":false},"excerpt":{"rendered":"<p>Os interessados em cadastrar crian\u00e7as entre zero e tr\u00eas anos e 11 meses nas vagas ociosas para atendimento nas creches em 2018, nas institui\u00e7\u00f5es p\u00fablicas ou conveniadas \u00e0 Prefeitura de Juiz de Fora (PJF), podem realizar o cadastro a partir da pr\u00f3xima segunda-feira, 30. As inscri\u00e7\u00f5es, que n\u00e3o garantem a vaga, devem ser feitas no [&hellip;]<\/p>\n","protected":false},"author":96,"featured_media":112625,"comment_status":"closed","ping_status":"closed","sticky":false,"template":"","format":"standard","meta":{"footnotes":""},"categories":[253,440,439],"tags":[],"class_list":["post-112624","post","type-post","status-publish","format-standard","has-post-thumbnail","hentry","category-cidade","category-destaques-do-dia","category-ultima-hora"],"_links":{"self":[{"href":"https:\/\/diarioregionaldigital.com.br\/index.php?rest_route=\/wp\/v2\/posts\/112624","targetHints":{"allow":["GET"]}}],"collection":[{"href":"https:\/\/diarioregionaldigital.com.br\/index.php?rest_route=\/wp\/v2\/posts"}],"about":[{"href":"https:\/\/diarioregionaldigital.com.br\/index.php?rest_route=\/wp\/v2\/types\/post"}],"author":[{"embeddable":true,"href":"https:\/\/diarioregionaldigital.com.br\/index.php?rest_route=\/wp\/v2\/users\/96"}],"replies":[{"embeddable":true,"href":"https:\/\/diarioregionaldigital.com.br\/index.php?rest_route=%2Fwp%2Fv2%2Fcomments&post=112624"}],"version-history":[{"count":0,"href":"https:\/\/diarioregionaldigital.com.br\/index.php?rest_route=\/wp\/v2\/posts\/112624\/revisions"}],"wp:featuredmedia":[{"embeddable":true,"href":"https:\/\/diarioregionaldigital.com.br\/index.php?rest_route=\/wp\/v2\/media\/112625"}],"wp:attachment":[{"href":"https:\/\/diarioregionaldigital.com.br\/index.php?rest_route=%2Fwp%2Fv2%2Fmedia&parent=112624"}],"wp:term":[{"taxonomy":"category","embeddable":true,"href":"https:\/\/diarioregionaldigital.com.br\/index.php?rest_route=%2Fwp%2Fv2%2Fcategories&post=112624"},{"taxonomy":"post_tag","embeddable":true,"href":"https:\/\/diarioregionaldigital.com.br\/index.php?rest_route=%2Fwp%2Fv2%2Ftags&post=112624"}],"curies":[{"name":"wp","href":"https:\/\/api.w.org\/{rel}","templated":true}]}}