{"id":112617,"date":"2018-07-24T14:26:20","date_gmt":"2018-07-24T17:26:20","guid":{"rendered":"http:\/\/diarioregionaljf.com.br\/?p=112617"},"modified":"2018-07-24T14:28:00","modified_gmt":"2018-07-24T17:28:00","slug":"apos-reclamacoes-da-populacao-vereadores-visitam-trecho-da-av-juiz-de-fora-que-sofreu-alteracoes-de-sinalizacao","status":"publish","type":"post","link":"https:\/\/diarioregionaldigital.com.br\/?p=112617","title":{"rendered":"Ap\u00f3s reclama\u00e7\u00f5es da popula\u00e7\u00e3o, vereadores visitam trecho da Av. Juiz de Fora que sofreu altera\u00e7\u00f5es de sinaliza\u00e7\u00e3o"},"content":{"rendered":"<p>Nesta \u00faltima semana, a Secretaria de Transporte e Tr\u00e2nsito (Settra) realizou algumas mudan\u00e7as no tr\u00e2nsito, relativas \u00e0 sinaliza\u00e7\u00e3o e pintura de faixas, no trecho da Avenida Juiz de Fora, situada entre os bairros Granjas Bet\u00e2nia e Recanto dos Lagos. Esta mudan\u00e7a foi alvo de reclama\u00e7\u00f5es da popula\u00e7\u00e3o que chegaram at\u00e9 o gabinete dos vereadores.<\/p>\n<p>Ap\u00f3s saberem desta altera\u00e7\u00e3o e ouvirem as reclama\u00e7\u00f5es dos usu\u00e1rios desta via, os vereadores Vagner de Oliveira (PSC), Z\u00e9 M\u00e1rcio (PV), J\u00falio Obama Jr. (PHS) e membros da assessoria do vereador Sargento Mello Casal (PTB), estiveram in loco, na manh\u00e3 dessa segunda-feira, 23, para analisarem a situa\u00e7\u00e3o atual do tr\u00e2nsito no trecho ap\u00f3s as altera\u00e7\u00f5es realizadas.<\/p>\n<p>Presidente da Comiss\u00e3o de Urbanismo da C\u00e2mara, o vereador Z\u00e9 M\u00e1rcio, comentou sobre a situa\u00e7\u00e3o encontrada no local. \u201cN\u00f3s da Comiss\u00e3o de Urbanismo estamos recebendo muitas reclama\u00e7\u00f5es sobre esta nova pintura das faixas nesta via. E no entendimento da popula\u00e7\u00e3o e nosso tamb\u00e9m, esta nova pintura est\u00e1 causando uma situa\u00e7\u00e3o de inseguran\u00e7a diante do que havia antes, pois as faixas foram reduzidas.\u201d<\/p>\n<p>Seguindo a mesma linha do vereador Z\u00e9 M\u00e1rcio, o parlamentar Vagner de Oliveira, tamb\u00e9m falou dos preju\u00edzos encontrados com esta mudan\u00e7a. \u201cO que n\u00f3s percebemos aqui com essa nova demarca\u00e7\u00e3o das faixas \u00e9 que o trecho ficou mais estreito, pois antes haviam duas faixas, o que facilitava a entrada para o bairro Granjas Bet\u00e2nia,\u00a0 por exemplo. E agora com essa redu\u00e7\u00e3o de duas para uma faixa apenas, faz com que este trecho fique mais perigoso, tanto para os motoristas, quanto para os pedestres.\u201d<\/p>\n<p>O vereador J\u00falio Obama Jr. que tamb\u00e9m \u00e9 membro da Comiss\u00e3o de Urbanismo, comentou sobre as medidas a serem tomadas para melhorar esta situa\u00e7\u00e3o. \u201cAp\u00f3s observarmos estas mudan\u00e7as, n\u00f3s esperamos que a Settra reveja toda a sinaliza\u00e7\u00e3o horizontal entre os bairros Granjas Bet\u00e2nia e Recanto dos Lagos. O retorno da popula\u00e7\u00e3o sobre estas mudan\u00e7as n\u00e3o tem sido muito positivo, ent\u00e3o n\u00f3s viemos para analisar esta situa\u00e7\u00e3o e notamos que os relatos da popula\u00e7\u00e3o estavam corretos. Com isso, vamos buscar essa revis\u00e3o junto \u00e0 Settra.\u201d<\/p>\n<p>&nbsp;<\/p>\n<p>Fonte: Assessoria C\u00e2mara JF<\/p>\n","protected":false},"excerpt":{"rendered":"<p>Nesta \u00faltima semana, a Secretaria de Transporte e Tr\u00e2nsito (Settra) realizou algumas mudan\u00e7as no tr\u00e2nsito, relativas \u00e0 sinaliza\u00e7\u00e3o e pintura de faixas, no trecho da Avenida Juiz de Fora, situada entre os bairros Granjas Bet\u00e2nia e Recanto dos Lagos. Esta mudan\u00e7a foi alvo de reclama\u00e7\u00f5es da popula\u00e7\u00e3o que chegaram at\u00e9 o gabinete dos vereadores. Ap\u00f3s [&hellip;]<\/p>\n","protected":false},"author":96,"featured_media":105098,"comment_status":"closed","ping_status":"closed","sticky":false,"template":"","format":"standard","meta":{"footnotes":""},"categories":[253,439],"tags":[],"class_list":["post-112617","post","type-post","status-publish","format-standard","has-post-thumbnail","hentry","category-cidade","category-ultima-hora"],"_links":{"self":[{"href":"https:\/\/diarioregionaldigital.com.br\/index.php?rest_route=\/wp\/v2\/posts\/112617","targetHints":{"allow":["GET"]}}],"collection":[{"href":"https:\/\/diarioregionaldigital.com.br\/index.php?rest_route=\/wp\/v2\/posts"}],"about":[{"href":"https:\/\/diarioregionaldigital.com.br\/index.php?rest_route=\/wp\/v2\/types\/post"}],"author":[{"embeddable":true,"href":"https:\/\/diarioregionaldigital.com.br\/index.php?rest_route=\/wp\/v2\/users\/96"}],"replies":[{"embeddable":true,"href":"https:\/\/diarioregionaldigital.com.br\/index.php?rest_route=%2Fwp%2Fv2%2Fcomments&post=112617"}],"version-history":[{"count":0,"href":"https:\/\/diarioregionaldigital.com.br\/index.php?rest_route=\/wp\/v2\/posts\/112617\/revisions"}],"wp:featuredmedia":[{"embeddable":true,"href":"https:\/\/diarioregionaldigital.com.br\/index.php?rest_route=\/wp\/v2\/media\/105098"}],"wp:attachment":[{"href":"https:\/\/diarioregionaldigital.com.br\/index.php?rest_route=%2Fwp%2Fv2%2Fmedia&parent=112617"}],"wp:term":[{"taxonomy":"category","embeddable":true,"href":"https:\/\/diarioregionaldigital.com.br\/index.php?rest_route=%2Fwp%2Fv2%2Fcategories&post=112617"},{"taxonomy":"post_tag","embeddable":true,"href":"https:\/\/diarioregionaldigital.com.br\/index.php?rest_route=%2Fwp%2Fv2%2Ftags&post=112617"}],"curies":[{"name":"wp","href":"https:\/\/api.w.org\/{rel}","templated":true}]}}