{"id":112604,"date":"2018-07-24T14:01:29","date_gmt":"2018-07-24T17:01:29","guid":{"rendered":"http:\/\/diarioregionaljf.com.br\/?p=112604"},"modified":"2018-07-24T14:19:17","modified_gmt":"2018-07-24T17:19:17","slug":"base-nacional-curricular-sera-debatida-dia-2-em-28-mil-escolas-do-pais","status":"publish","type":"post","link":"https:\/\/diarioregionaldigital.com.br\/?p=112604","title":{"rendered":"Base Nacional Curricular ser\u00e1 debatida dia 2 em 28 mil escolas do pa\u00eds"},"content":{"rendered":"<p>O Conselho Nacional de Secret\u00e1rios de Educa\u00e7\u00e3o (Consed) marcou para 2 de agosto o Dia D para discutir a Base Nacional Comum Curricular do Ensino M\u00e9dio em 28 mil escolas p\u00fablicas e privadas de todo o pa\u00eds. A consulta p\u00fablica foi articulada em parceria com o Minist\u00e9rio da Educa\u00e7\u00e3o (MEC) e o Conselho Nacional de Educa\u00e7\u00e3o (CNE) com o objetivo de receber sugest\u00f5es de mudan\u00e7a e melhoria no documento que estabelece as diretrizes comuns de ensino m\u00e9dio para o pa\u00eds.<\/p>\n<p>A expectativa \u00e9 que estudantes, gestores e cerca de 509 mil professores participem dos debates. As propostas apresentadas na etapa de escuta nas escolas ser\u00e3o organizadas e levadas para avalia\u00e7\u00e3o do CNE, que definir\u00e1 as mudan\u00e7as vi\u00e1veis para implementa\u00e7\u00e3o. A expectativa \u00e9 que o processo de an\u00e1lise das propostas, aprova\u00e7\u00e3o e homologa\u00e7\u00e3o da nova base curricular do ensino m\u00e9dio seja conclu\u00eddo ainda este ano.<\/p>\n<p>O Consed disponibilizou em seu portal um material de apoio e orienta\u00e7\u00e3o para as escolas, como v\u00eddeos, documentos de an\u00e1lise por \u00e1rea do conhecimento &#8211; ci\u00eancias da natureza, ci\u00eancias humanas, l\u00edngua portuguesa, linguagens e matem\u00e1tica -, al\u00e9m de uma programa\u00e7\u00e3o e roteiro de atividades para facilitar os debates. Os professores poder\u00e3o expor suas d\u00favidas e sugest\u00f5es no formul\u00e1rio que ser\u00e1 liberado no portal do Conselho no dia 2 de agosto.<\/p>\n<p>A Base Nacional Comum Curricular (BNCC) referente \u00e0 educa\u00e7\u00e3o infantil e ao ensino fundamental foi homologada pelo MEC no final do ano passado. A Base estabelece os conte\u00fados m\u00ednimos que dever\u00e3o ser ensinados em todas as escolas do pa\u00eds.<\/p>\n<p>&nbsp;<\/p>\n<p>Fonte: Ag\u00eancia Brasil<\/p>\n","protected":false},"excerpt":{"rendered":"<p>O Conselho Nacional de Secret\u00e1rios de Educa\u00e7\u00e3o (Consed) marcou para 2 de agosto o Dia D para discutir a Base Nacional Comum Curricular do Ensino M\u00e9dio em 28 mil escolas p\u00fablicas e privadas de todo o pa\u00eds. A consulta p\u00fablica foi articulada em parceria com o Minist\u00e9rio da Educa\u00e7\u00e3o (MEC) e o Conselho Nacional de [&hellip;]<\/p>\n","protected":false},"author":96,"featured_media":112616,"comment_status":"closed","ping_status":"closed","sticky":false,"template":"","format":"standard","meta":{"footnotes":""},"categories":[302,436,439],"tags":[],"class_list":["post-112604","post","type-post","status-publish","format-standard","has-post-thumbnail","hentry","category-brasil-mundo","category-destaque-da-semana","category-ultima-hora"],"_links":{"self":[{"href":"https:\/\/diarioregionaldigital.com.br\/index.php?rest_route=\/wp\/v2\/posts\/112604","targetHints":{"allow":["GET"]}}],"collection":[{"href":"https:\/\/diarioregionaldigital.com.br\/index.php?rest_route=\/wp\/v2\/posts"}],"about":[{"href":"https:\/\/diarioregionaldigital.com.br\/index.php?rest_route=\/wp\/v2\/types\/post"}],"author":[{"embeddable":true,"href":"https:\/\/diarioregionaldigital.com.br\/index.php?rest_route=\/wp\/v2\/users\/96"}],"replies":[{"embeddable":true,"href":"https:\/\/diarioregionaldigital.com.br\/index.php?rest_route=%2Fwp%2Fv2%2Fcomments&post=112604"}],"version-history":[{"count":0,"href":"https:\/\/diarioregionaldigital.com.br\/index.php?rest_route=\/wp\/v2\/posts\/112604\/revisions"}],"wp:featuredmedia":[{"embeddable":true,"href":"https:\/\/diarioregionaldigital.com.br\/index.php?rest_route=\/wp\/v2\/media\/112616"}],"wp:attachment":[{"href":"https:\/\/diarioregionaldigital.com.br\/index.php?rest_route=%2Fwp%2Fv2%2Fmedia&parent=112604"}],"wp:term":[{"taxonomy":"category","embeddable":true,"href":"https:\/\/diarioregionaldigital.com.br\/index.php?rest_route=%2Fwp%2Fv2%2Fcategories&post=112604"},{"taxonomy":"post_tag","embeddable":true,"href":"https:\/\/diarioregionaldigital.com.br\/index.php?rest_route=%2Fwp%2Fv2%2Ftags&post=112604"}],"curies":[{"name":"wp","href":"https:\/\/api.w.org\/{rel}","templated":true}]}}