{"id":112584,"date":"2018-07-24T11:15:27","date_gmt":"2018-07-24T14:15:27","guid":{"rendered":"http:\/\/diarioregionaljf.com.br\/?p=112584"},"modified":"2018-07-24T11:15:27","modified_gmt":"2018-07-24T14:15:27","slug":"willian-arao-pode-deixar-o-flamengo","status":"publish","type":"post","link":"https:\/\/diarioregionaldigital.com.br\/?p=112584","title":{"rendered":"Willian Ar\u00e3o pode deixar o Flamengo"},"content":{"rendered":"<p>O volante Willian Ar\u00e3o pode estar de sa\u00edda do Flamengo. O clube abriu negocia\u00e7\u00f5es com o Olympiacos (GRE) pra venda do jogador. A transfer\u00eancia pode girar em torno de R$ 10,6 milh\u00f5es.<\/p>\n<p>O time grego tenta pela segunda vez a contrata\u00e7\u00e3o do atleta. Na primeira, o Flamengo considerou a oferta baixa e cancelou as negocia\u00e7\u00f5es.<\/p>\n<p>Ar\u00e3o, que chegou ao Rubro-Negro em 2016, n\u00e3o est\u00e1 tendo muitas oportunidades ultimamente. As partes envolvidas se recusam a comentar antes de um desfecho, mas confirmam que h\u00e1 negocia\u00e7\u00e3o em andamento. O volante tem 26 anos e contrato com o Flamengo at\u00e9 o fim de 2019.<\/p>\n<p>Nessa ter\u00e7a-feira, 24,\u00a0 Ar\u00e3o, que entrou nos minutos finais do cl\u00e1ssico com o Botafogo, treinou normalmente no Ninho do Urubu e est\u00e1 \u00e0 disposi\u00e7\u00e3o para encarar o Santos, nesta quarta-feira, 25,\u00a0 \u00e0s 21h50 (de Bras\u00edlia), na Vila Belmiro, pela 15\u00aa rodada do Brasileir\u00e3o.<\/p>\n","protected":false},"excerpt":{"rendered":"<p>O volante Willian Ar\u00e3o pode estar de sa\u00edda do Flamengo. O clube abriu negocia\u00e7\u00f5es com o Olympiacos (GRE) pra venda do jogador. A transfer\u00eancia pode girar em torno de R$ 10,6 milh\u00f5es. O time grego tenta pela segunda vez a contrata\u00e7\u00e3o do atleta. Na primeira, o Flamengo considerou a oferta baixa e cancelou as negocia\u00e7\u00f5es. [&hellip;]<\/p>\n","protected":false},"author":96,"featured_media":112585,"comment_status":"closed","ping_status":"closed","sticky":false,"template":"","format":"standard","meta":{"footnotes":""},"categories":[257,439],"tags":[],"class_list":["post-112584","post","type-post","status-publish","format-standard","has-post-thumbnail","hentry","category-esporte","category-ultima-hora"],"_links":{"self":[{"href":"https:\/\/diarioregionaldigital.com.br\/index.php?rest_route=\/wp\/v2\/posts\/112584","targetHints":{"allow":["GET"]}}],"collection":[{"href":"https:\/\/diarioregionaldigital.com.br\/index.php?rest_route=\/wp\/v2\/posts"}],"about":[{"href":"https:\/\/diarioregionaldigital.com.br\/index.php?rest_route=\/wp\/v2\/types\/post"}],"author":[{"embeddable":true,"href":"https:\/\/diarioregionaldigital.com.br\/index.php?rest_route=\/wp\/v2\/users\/96"}],"replies":[{"embeddable":true,"href":"https:\/\/diarioregionaldigital.com.br\/index.php?rest_route=%2Fwp%2Fv2%2Fcomments&post=112584"}],"version-history":[{"count":0,"href":"https:\/\/diarioregionaldigital.com.br\/index.php?rest_route=\/wp\/v2\/posts\/112584\/revisions"}],"wp:featuredmedia":[{"embeddable":true,"href":"https:\/\/diarioregionaldigital.com.br\/index.php?rest_route=\/wp\/v2\/media\/112585"}],"wp:attachment":[{"href":"https:\/\/diarioregionaldigital.com.br\/index.php?rest_route=%2Fwp%2Fv2%2Fmedia&parent=112584"}],"wp:term":[{"taxonomy":"category","embeddable":true,"href":"https:\/\/diarioregionaldigital.com.br\/index.php?rest_route=%2Fwp%2Fv2%2Fcategories&post=112584"},{"taxonomy":"post_tag","embeddable":true,"href":"https:\/\/diarioregionaldigital.com.br\/index.php?rest_route=%2Fwp%2Fv2%2Ftags&post=112584"}],"curies":[{"name":"wp","href":"https:\/\/api.w.org\/{rel}","templated":true}]}}