{"id":112581,"date":"2018-07-24T11:12:46","date_gmt":"2018-07-24T14:12:46","guid":{"rendered":"http:\/\/diarioregionaljf.com.br\/?p=112581"},"modified":"2018-07-24T11:12:46","modified_gmt":"2018-07-24T14:12:46","slug":"avenida-rio-branco-recebe-2-500-atletas-na-71a-corrida-da-fogueira","status":"publish","type":"post","link":"https:\/\/diarioregionaldigital.com.br\/?p=112581","title":{"rendered":"Avenida Rio Branco recebe 2.500 atletas na \u201c71\u00aa Corrida da Fogueira\u201d"},"content":{"rendered":"<p>Uma festa do esporte, que encheu a Avenida Rio Branco com \u201cmar de pessoas\u201d. Assim foi a \u201c71\u00aa Corrida da Fogueira\u201d, na noite de s\u00e1bado, 21. Cerca de 2.500 atletas, de crian\u00e7as \u00e0 terceira idade, correram e caminharam pelo corredor central da principal avenida de Juiz de Fora, saindo da pra\u00e7a do Bairro Bom Pastor at\u00e9 Manoel Hon\u00f3rio, e retornando. Antes da largada, os milhares de corredores se confraternizaram com alegria, reencontros e muitas fotos.<\/p>\n<p>\u00c0s 19h35 aconteceu a largada principal. Vinte e dois minutos e 26 segundos depois, Eberth da Silva Silv\u00e9rio (Fripai\/O2) chegou e conquistou o lugar mais alto do p\u00f3dio masculino. O atleta foi seguido por Francisco Perrout (Cria Universidade Federal de Juiz de Fora &#8211; UFJF), Gabriel Alberto Silva (P\u00e9gasus), Matheus Moraes Baptista (Cria UFJF) e Albertino Silva Luz (Educa\u00e7\u00e3o F\u00edsica\/Faculdade Metodista Granbery).<\/p>\n<p>Aos 26 minutos e 26 segundos, Amanda Oliveira (Educa\u00e7\u00e3o F\u00edsica\/Faculdade Metodista Granbery) despontou na linha de chegada. Completaram o p\u00f3dio feminino, Aline Barbosa Silva Santos (Educa\u00e7\u00e3o F\u00edsica\/Faculdade Metodista Granbery), Claudete Nunes (Profit), Noemi Alves da Cruz (Cria UFJF) e Laynara dos Santos. Antes da corrida oficial, mais de cem meninos e meninas de at\u00e9 15 anos, acompanhados por plateia animada, formada por pais, parentes e amigos, revelaram seus talentos na \u201cFogueirinha\u201d, com v\u00e1rias provas, que dividiram os atletas mirins por faixa et\u00e1ria e dist\u00e2ncia a ser percorrida. Neste caso, sem p\u00f3dio e premia\u00e7\u00e3o para todos.<\/p>\n<p>A \u201cCorrida da Fogueira\u201d \u00e9 evento da Prefeitura de Juiz de Fora (PJF), atrav\u00e9s da Secretaria de Esporte e Lazer (SEL). Este ano foi organizada pela Tecnobit, em parceria com Vidativa Consultoria Esportiva.<\/p>\n<p>A corrida<\/p>\n<p>A \u201cCorrida da Fogueira\u201d figura entre as provas mais tradicionais do pa\u00eds. Tudo come\u00e7ou em uma festa junina, caracterizada pela alegria em torno da fogueira, na d\u00e9cada de 40. Um entusiasta do esporte, Vicente Ferreira dos Santos, teve a ideia de promover corrida de rua, reunindo alguns amigos, a fim de divulgar a festa junina no Bairro Mariano Proc\u00f3pio. Foi assim que, em 23 de junho de 1942, 47 atletas ouviram o sinal da largada da \u201c1\u00aa Corrida da Fogueira\u201d, com percurso, assim como agora, de sete quil\u00f4metros.<\/p>\n<p>O vencedor da primeira edi\u00e7\u00e3o foi Pedro Marciano da Silva, atleta do Mangueira Futebol Clube, de S\u00e3o Jo\u00e3o Nepomuceno, com o tempo de 23m58s. Ap\u00f3s a premia\u00e7\u00e3o, ele teve a honra de acender a fogueira da festa, e isso se perpetuou por v\u00e1rias d\u00e9cadas. Nos anos 40, poucas corridas de rua eram realizadas no pa\u00eds, e, com o tempo, a \u201cda Fogueira\u201d se tornou a maior prova do pedestrianismo de Minas Gerais, contribuindo decisivamente para o crescimento do esporte no Brasil.<\/p>\n<p>Fonte: Assessoria\/SEL<\/p>\n<p>&nbsp;<\/p>\n","protected":false},"excerpt":{"rendered":"<p>Uma festa do esporte, que encheu a Avenida Rio Branco com \u201cmar de pessoas\u201d. Assim foi a \u201c71\u00aa Corrida da Fogueira\u201d, na noite de s\u00e1bado, 21. Cerca de 2.500 atletas, de crian\u00e7as \u00e0 terceira idade, correram e caminharam pelo corredor central da principal avenida de Juiz de Fora, saindo da pra\u00e7a do Bairro Bom Pastor [&hellip;]<\/p>\n","protected":false},"author":96,"featured_media":112582,"comment_status":"closed","ping_status":"closed","sticky":false,"template":"","format":"standard","meta":{"footnotes":""},"categories":[257,439],"tags":[],"class_list":["post-112581","post","type-post","status-publish","format-standard","has-post-thumbnail","hentry","category-esporte","category-ultima-hora"],"_links":{"self":[{"href":"https:\/\/diarioregionaldigital.com.br\/index.php?rest_route=\/wp\/v2\/posts\/112581","targetHints":{"allow":["GET"]}}],"collection":[{"href":"https:\/\/diarioregionaldigital.com.br\/index.php?rest_route=\/wp\/v2\/posts"}],"about":[{"href":"https:\/\/diarioregionaldigital.com.br\/index.php?rest_route=\/wp\/v2\/types\/post"}],"author":[{"embeddable":true,"href":"https:\/\/diarioregionaldigital.com.br\/index.php?rest_route=\/wp\/v2\/users\/96"}],"replies":[{"embeddable":true,"href":"https:\/\/diarioregionaldigital.com.br\/index.php?rest_route=%2Fwp%2Fv2%2Fcomments&post=112581"}],"version-history":[{"count":0,"href":"https:\/\/diarioregionaldigital.com.br\/index.php?rest_route=\/wp\/v2\/posts\/112581\/revisions"}],"wp:featuredmedia":[{"embeddable":true,"href":"https:\/\/diarioregionaldigital.com.br\/index.php?rest_route=\/wp\/v2\/media\/112582"}],"wp:attachment":[{"href":"https:\/\/diarioregionaldigital.com.br\/index.php?rest_route=%2Fwp%2Fv2%2Fmedia&parent=112581"}],"wp:term":[{"taxonomy":"category","embeddable":true,"href":"https:\/\/diarioregionaldigital.com.br\/index.php?rest_route=%2Fwp%2Fv2%2Fcategories&post=112581"},{"taxonomy":"post_tag","embeddable":true,"href":"https:\/\/diarioregionaldigital.com.br\/index.php?rest_route=%2Fwp%2Fv2%2Ftags&post=112581"}],"curies":[{"name":"wp","href":"https:\/\/api.w.org\/{rel}","templated":true}]}}