{"id":112579,"date":"2018-07-24T11:38:59","date_gmt":"2018-07-24T14:38:59","guid":{"rendered":"http:\/\/diarioregionaljf.com.br\/?p=112579"},"modified":"2018-07-24T11:39:19","modified_gmt":"2018-07-24T14:39:19","slug":"ufjf-divulga-novos-editais-de-reclassificacao-do-pism-e-do-sisu-nesta-quarta-feira","status":"publish","type":"post","link":"https:\/\/diarioregionaldigital.com.br\/?p=112579","title":{"rendered":"UFJF divulga novos editais de reclassifica\u00e7\u00e3o do Pism e do Sisu nesta quarta-feira"},"content":{"rendered":"<p>O terceiro edital de reclassifica\u00e7\u00e3o do Sistema de Sele\u00e7\u00e3o Unificada (Sisu) e o sexto do Programa de Ingresso Seletivo Misto (Pism) para o segundo semestre de 2018 ser\u00e3o publicados \u00e0s 12h de quarta-feira, 25, no site da <a href=\"http:\/\/www.ufjf.br\/cdara\/\" target=\"_blank\" rel=\"noopener\">Coordenadoria de Assuntos e Registros Acad\u00eamicos (Cdara)<\/a>. Os selecionados precisam fazer a pr\u00e9-matr\u00edcula on-line at\u00e9 sexta-feira, 27, e ficarem atentos \u00e0s datas e a documenta\u00e7\u00e3o necess\u00e1ria para a matr\u00edcula presencial.<\/p>\n<p>A pr\u00e9-matr\u00edcula on-line \u00e9 realizada por meio do site da Cdara e pode ser feita das 12h desta quarta-feira, 25, at\u00e9 \u00e0s 23h59 de sexta-feira, 27. Ap\u00f3s esta etapa, os candidatos estar\u00e3o aptos para fazer a matr\u00edcula presencial, que ocorrer\u00e1 nos dias 9 e 10 de agosto. A rela\u00e7\u00e3o dos documentos exigidos, de acordo com o grupo de concorr\u00eancia dos aprovados do Sisu, est\u00e1 dispon\u00edvel neste <a href=\"http:\/\/www.ufjf.br\/cdara\/sisu-2\/sisu-2018-2a-edicao\/documentacao-datas-e-horarios\/\" target=\"_blank\" rel=\"noopener\">link<\/a>. J\u00e1 para o Pism, neste <a href=\"http:\/\/www.ufjf.br\/cdara\/pism-vestibular\/pism-vestibular-2018\/link-da-pre-matricula-on-line\/\" target=\"_blank\" rel=\"noopener\">link<\/a>.<\/p>\n<p>A divulga\u00e7\u00e3o do quarto, do quinto e do sexto editais de reclassifica\u00e7\u00e3o do Sisu 2018 e do s\u00e9timo, do oitavo e do nono do Pism 2018\u00a0 est\u00e3o previstos, respectivamente, para os dias 1\u00ba, 8 e 15 de agosto. O calend\u00e1rio completo de editais de reclassifica\u00e7\u00e3o para os campi de Juiz de Fora e Governador Valadares do Sisu pode ser conferido neste <a href=\"http:\/\/www.ufjf.br\/cdara\/sisu-2\/sisu-2018-2a-edicao\/cronograma-de-reclassificacoes-juiz-de-fora-e-governador-valadares\/\" target=\"_blank\" rel=\"noopener\">link<\/a>,\u00a0 e do Pism, neste <a href=\"http:\/\/www.ufjf.br\/cdara\/pism-vestibular\/pism-vestibular-2018\/cronograma-de-reclassificacoes-campus-juiz-de-fora\/\" target=\"_blank\" rel=\"noopener\">link<\/a>.<\/p>\n<p>&nbsp;<\/p>\n<p>Fonte: Assessoria UFJF<\/p>\n","protected":false},"excerpt":{"rendered":"<p>O terceiro edital de reclassifica\u00e7\u00e3o do Sistema de Sele\u00e7\u00e3o Unificada (Sisu) e o sexto do Programa de Ingresso Seletivo Misto (Pism) para o segundo semestre de 2018 ser\u00e3o publicados \u00e0s 12h de quarta-feira, 25, no site da Coordenadoria de Assuntos e Registros Acad\u00eamicos (Cdara). Os selecionados precisam fazer a pr\u00e9-matr\u00edcula on-line at\u00e9 sexta-feira, 27, e [&hellip;]<\/p>\n","protected":false},"author":96,"featured_media":112595,"comment_status":"closed","ping_status":"closed","sticky":false,"template":"","format":"standard","meta":{"footnotes":""},"categories":[253,436,439],"tags":[],"class_list":["post-112579","post","type-post","status-publish","format-standard","has-post-thumbnail","hentry","category-cidade","category-destaque-da-semana","category-ultima-hora"],"_links":{"self":[{"href":"https:\/\/diarioregionaldigital.com.br\/index.php?rest_route=\/wp\/v2\/posts\/112579","targetHints":{"allow":["GET"]}}],"collection":[{"href":"https:\/\/diarioregionaldigital.com.br\/index.php?rest_route=\/wp\/v2\/posts"}],"about":[{"href":"https:\/\/diarioregionaldigital.com.br\/index.php?rest_route=\/wp\/v2\/types\/post"}],"author":[{"embeddable":true,"href":"https:\/\/diarioregionaldigital.com.br\/index.php?rest_route=\/wp\/v2\/users\/96"}],"replies":[{"embeddable":true,"href":"https:\/\/diarioregionaldigital.com.br\/index.php?rest_route=%2Fwp%2Fv2%2Fcomments&post=112579"}],"version-history":[{"count":0,"href":"https:\/\/diarioregionaldigital.com.br\/index.php?rest_route=\/wp\/v2\/posts\/112579\/revisions"}],"wp:featuredmedia":[{"embeddable":true,"href":"https:\/\/diarioregionaldigital.com.br\/index.php?rest_route=\/wp\/v2\/media\/112595"}],"wp:attachment":[{"href":"https:\/\/diarioregionaldigital.com.br\/index.php?rest_route=%2Fwp%2Fv2%2Fmedia&parent=112579"}],"wp:term":[{"taxonomy":"category","embeddable":true,"href":"https:\/\/diarioregionaldigital.com.br\/index.php?rest_route=%2Fwp%2Fv2%2Fcategories&post=112579"},{"taxonomy":"post_tag","embeddable":true,"href":"https:\/\/diarioregionaldigital.com.br\/index.php?rest_route=%2Fwp%2Fv2%2Ftags&post=112579"}],"curies":[{"name":"wp","href":"https:\/\/api.w.org\/{rel}","templated":true}]}}