{"id":112566,"date":"2018-07-24T09:15:10","date_gmt":"2018-07-24T12:15:10","guid":{"rendered":"http:\/\/diarioregionaljf.com.br\/?p=112566"},"modified":"2018-07-24T17:46:52","modified_gmt":"2018-07-24T20:46:52","slug":"motorista-morre-e-caminhao-pega-fogo-apos-batida-entre-veiculos-na-br-040","status":"publish","type":"post","link":"https:\/\/diarioregionaldigital.com.br\/?p=112566","title":{"rendered":"Motorista morre e caminh\u00e3o pega fogo ap\u00f3s batida entre ve\u00edculos na BR -040"},"content":{"rendered":"<p><strong>ATUALIZADA \u00c0S 12H38, EM 24\/07\/2018<\/strong><\/p>\n<p>Um homem de 40 anos morreu ap\u00f3s o carro que ele conduzia colidir com um caminh\u00e3o no KM 772 da BR-040, na altura do bairro Barreira do Triunfo, Juiz de Fora, na manh\u00e3 dessa ter\u00e7a-feira, 24. A carreta, que transportava copos pl\u00e1sticos, pegou fogo ap\u00f3s a batida.<\/p>\n<p>De acordo com informa\u00e7\u00f5es da Pol\u00edcia Rodovi\u00e1ria Federal (PRF), o caminh\u00e3o seguia sentido Rio de Janeiro e o carro de passeio, com placas de Petr\u00f3polis, vinha em dire\u00e7\u00e3o contr\u00e1ria, quando os dois se chocaram.<\/p>\n<p>O Corpo de Bombeiros foi acionado e no local encontrou o caminh\u00e3o em chamas, sem nenhuma pessoa presa \u00e0s ferragens. Os militares procederam com o isolamento do local, combateram o inc\u00eandio no ve\u00edculo e na vegeta\u00e7\u00e3o.<\/p>\n<p><img loading=\"lazy\" decoding=\"async\" class=\"wp-image-112570\" style=\"color: #333333; font-size: 16px; line-height: 1.5;\" src=\"http:\/\/diarioregionaljf.com.br\/wp-content\/uploads\/2018\/07\/bombeiross-300x169.jpg\" alt=\"\" width=\"600\" height=\"338\" srcset=\"https:\/\/diarioregionaldigital.com.br\/wp-content\/uploads\/2018\/07\/bombeiross-300x169.jpg 300w, https:\/\/diarioregionaldigital.com.br\/wp-content\/uploads\/2018\/07\/bombeiross-768x432.jpg 768w, https:\/\/diarioregionaldigital.com.br\/wp-content\/uploads\/2018\/07\/bombeiross-1024x576.jpg 1024w, https:\/\/diarioregionaldigital.com.br\/wp-content\/uploads\/2018\/07\/bombeiross-360x203.jpg 360w, https:\/\/diarioregionaldigital.com.br\/wp-content\/uploads\/2018\/07\/bombeiross.jpg 1032w\" sizes=\"auto, (max-width: 600px) 100vw, 600px\" \/><\/p>\n<p>Motorista do carro de passeio n\u00e3o resistiu e morreu no local. Foto: Divulga\u00e7\u00e3o\/PRFEm seguida, os bombeiros realizaram o desencarceramento da v\u00edtima fatal e o corpo foi encaminhado ao Instituto M\u00e9dico Legal. O homem estava acompanhado de sua noiva, que ficou ferida e foi encaminhada a um hospital da cidade pela Via 040, concession\u00e1ria que administra o trecho da rodovia.<\/p>\n<p>Em rela\u00e7\u00e3o ao motorista do caminh\u00e3o, o Corpo de Bombeiros informou que ele conseguiu sair do ve\u00edculo antes de as chamas se espalharem. O condutor estava consciente e orientado e foi levado pela Via 040 para a UPA Norte.<\/p>\n<p>O tr\u00e2nsito na rodovia BR-040 ficou interditado por uma hora nos dois sentidos e foi liberado ap\u00f3s a conclus\u00e3o dos trabalhos do Corpo de Bombeiros e da per\u00edcia da Pol\u00edcia Civil.<\/p>\n","protected":false},"excerpt":{"rendered":"<p>ATUALIZADA \u00c0S 12H38, EM 24\/07\/2018 Um homem de 40 anos morreu ap\u00f3s o carro que ele conduzia colidir com um caminh\u00e3o no KM 772 da BR-040, na altura do bairro Barreira do Triunfo, Juiz de Fora, na manh\u00e3 dessa ter\u00e7a-feira, 24. A carreta, que transportava copos pl\u00e1sticos, pegou fogo ap\u00f3s a batida. De acordo com [&hellip;]<\/p>\n","protected":false},"author":96,"featured_media":112567,"comment_status":"closed","ping_status":"closed","sticky":false,"template":"","format":"standard","meta":{"footnotes":""},"categories":[253,440],"tags":[],"class_list":["post-112566","post","type-post","status-publish","format-standard","has-post-thumbnail","hentry","category-cidade","category-destaques-do-dia"],"_links":{"self":[{"href":"https:\/\/diarioregionaldigital.com.br\/index.php?rest_route=\/wp\/v2\/posts\/112566","targetHints":{"allow":["GET"]}}],"collection":[{"href":"https:\/\/diarioregionaldigital.com.br\/index.php?rest_route=\/wp\/v2\/posts"}],"about":[{"href":"https:\/\/diarioregionaldigital.com.br\/index.php?rest_route=\/wp\/v2\/types\/post"}],"author":[{"embeddable":true,"href":"https:\/\/diarioregionaldigital.com.br\/index.php?rest_route=\/wp\/v2\/users\/96"}],"replies":[{"embeddable":true,"href":"https:\/\/diarioregionaldigital.com.br\/index.php?rest_route=%2Fwp%2Fv2%2Fcomments&post=112566"}],"version-history":[{"count":0,"href":"https:\/\/diarioregionaldigital.com.br\/index.php?rest_route=\/wp\/v2\/posts\/112566\/revisions"}],"wp:featuredmedia":[{"embeddable":true,"href":"https:\/\/diarioregionaldigital.com.br\/index.php?rest_route=\/wp\/v2\/media\/112567"}],"wp:attachment":[{"href":"https:\/\/diarioregionaldigital.com.br\/index.php?rest_route=%2Fwp%2Fv2%2Fmedia&parent=112566"}],"wp:term":[{"taxonomy":"category","embeddable":true,"href":"https:\/\/diarioregionaldigital.com.br\/index.php?rest_route=%2Fwp%2Fv2%2Fcategories&post=112566"},{"taxonomy":"post_tag","embeddable":true,"href":"https:\/\/diarioregionaldigital.com.br\/index.php?rest_route=%2Fwp%2Fv2%2Ftags&post=112566"}],"curies":[{"name":"wp","href":"https:\/\/api.w.org\/{rel}","templated":true}]}}