{"id":112564,"date":"2018-07-24T08:57:54","date_gmt":"2018-07-24T11:57:54","guid":{"rendered":"http:\/\/diarioregionaljf.com.br\/?p=112564"},"modified":"2018-07-24T08:59:16","modified_gmt":"2018-07-24T11:59:16","slug":"cai-numero-de-indenizacoes-pagas-a-vitimas-de-acidentes-de-transito","status":"publish","type":"post","link":"https:\/\/diarioregionaldigital.com.br\/?p=112564","title":{"rendered":"Cai n\u00famero de indeniza\u00e7\u00f5es pagas a v\u00edtimas de acidentes de tr\u00e2nsito"},"content":{"rendered":"<p>De janeiro a junho deste ano, foram pagas \u00e0s v\u00edtimas de acidentes de tr\u00e2nsito no pa\u00eds 169.018 indeniza\u00e7\u00f5es do Seguro de Danos Pessoais Causados por Ve\u00edculos Automotores de Via Terrestre (Seguro DPVAT). O resultado do primeiro semestre foi divulgado ontem, 23, pela Seguradora L\u00edder, respons\u00e1vel pela administra\u00e7\u00e3o do Seguro DPVAT no pa\u00eds, e mostra queda de 12% em rela\u00e7\u00e3o ao mesmo per\u00edodo do ano passado.<\/p>\n<p>\u201cA quantidade de registros de requerimento de indeniza\u00e7\u00e3o reduziu-se em compara\u00e7\u00e3o a igual per\u00edodo do ano passado\u201d, disse \u00e0 Ag\u00eancia Brasil o superintendente de Opera\u00e7\u00f5es da seguradora, Arthur Fr\u00f3es.<\/p>\n<p>Segundo Fr\u00f3es, contribuiu para a queda das indeniza\u00e7\u00f5es pagas o trabalho cada vez mais intenso de combate \u00e0s fraudes. Foram identificados mais casos, o que evitou custos com indeniza\u00e7\u00f5es indevidas. &#8220;Por isso, a gente reduziu tamb\u00e9m a quantidade de indeniza\u00e7\u00f5es\u201d.<\/p>\n<p>De acordo com o boletim estat\u00edstico do semestre, os casos de invalidez permanente lideraram as indeniza\u00e7\u00f5es no per\u00edodo, com 70% do total, ou o equivalente a 118.383 casos, n\u00famero 18% inferior ao de igual semestre de 2017.<\/p>\n<p>&nbsp;<\/p>\n<p><strong><span style=\"font-size: 12pt;\">REGI\u00d5ES<\/span><\/strong><\/p>\n<p>O Nordeste concentrou a maior parte das indeniza\u00e7\u00f5es pagas no semestre (31%). Em seguida, aparecem as regi\u00f5es Sudeste (30%), Sul (17%), Centro-Oeste (12%) e Norte (10%). Acidentes com motocicletas continuaram liderando as indeniza\u00e7\u00f5es pagas, com 76%, embora representem somente 27% da frota nacional de ve\u00edculos, enquanto o Sudeste det\u00e9m 49%, ressaltou Fr\u00f3es.<\/p>\n<p>De janeiro a junho, o Sudeste, com 34%, e o Nordeste, com 32%, registraram o maior n\u00famero de acidentes com mortes. No Sudeste, o maior n\u00famero de acidentes com mortes foi com autom\u00f3veis (42%); no Nordeste, com motocicletas.<\/p>\n<p>Conforme o boletim, a maior parte dos acidentes indenizados ocorreu entre as 17h e as 22h59, somando 23% dos pagamentos. Nas grandes cidades, como Rio de Janeiro e S\u00e3o Paulo, a grande incid\u00eancia de acidentes com motocicletas pode, em grande parte, ser atribu\u00edda \u00e0 forte presen\u00e7a de motoboys entregadores que, segundo Fr\u00f3es, &#8220;s\u00e3o muito imprudentes e acabam sendo v\u00edtimas constantes no tr\u00e2nsito\u201d.<\/p>\n<p>Ele citou, al\u00e9m da imprud\u00eancia dos condutores, a falta de fiscaliza\u00e7\u00e3o e de equipamentos de seguran\u00e7a e a condi\u00e7\u00e3o das estradas como as maiores causas das mortes com motocicletas no Nordeste.<\/p>\n<p>&nbsp;<\/p>\n<p><span style=\"font-size: 12pt;\"><strong>PEDESTRES<\/strong><\/span><\/p>\n<p>O boletim mostra que homens jovens, em idade produtiva, entre 18 e 34 anos de idade, constituem o maior n\u00famero de envolvidos em acidentes de tr\u00e2nsito com v\u00edtimas. Cerca de 80 mil indeniza\u00e7\u00f5es, ou 47% do total, foram pagas para v\u00edtimas do sexo masculino, nessa faixa et\u00e1ria.<\/p>\n<p>Em segundo lugar nas indeniza\u00e7\u00f5es por acidentes fatais est\u00e3o os pedestres, com 28%. Nos acidentes que resultam em invalidez permanente, pedestres s\u00e3o 27% do total. Um dos motivos para isso \u00e9 a imprud\u00eancia em rela\u00e7\u00e3o \u00e0 sinaliza\u00e7\u00e3o do tr\u00e2nsito, ora da parte dos motoristas, ora dos pr\u00f3prios pedestres, acidentados embaixo de passarelas.<\/p>\n<p>Na cobertura de reembolso de despesas de assist\u00eancia m\u00e9dica e suplementares, houve crescimento nas indeniza\u00e7\u00f5es (12%), em rela\u00e7\u00e3o ao mesmo per\u00edodo do ano anterior.<\/p>\n<p>O Seguro DPVAT assegura cobertura por morte, invalidez permanente e reembolso de despesas m\u00e9dicas e assistenciais.<\/p>\n<p>&nbsp;<\/p>\n<p><strong>Fonte: Ag\u00eancia Brasil<\/strong><\/p>\n","protected":false},"excerpt":{"rendered":"<p>De janeiro a junho deste ano, foram pagas \u00e0s v\u00edtimas de acidentes de tr\u00e2nsito no pa\u00eds 169.018 indeniza\u00e7\u00f5es do Seguro de Danos Pessoais Causados por Ve\u00edculos Automotores de Via Terrestre (Seguro DPVAT). O resultado do primeiro semestre foi divulgado ontem, 23, pela Seguradora L\u00edder, respons\u00e1vel pela administra\u00e7\u00e3o do Seguro DPVAT no pa\u00eds, e mostra queda [&hellip;]<\/p>\n","protected":false},"author":96,"featured_media":97709,"comment_status":"closed","ping_status":"closed","sticky":false,"template":"","format":"standard","meta":{"footnotes":""},"categories":[302,439],"tags":[],"class_list":["post-112564","post","type-post","status-publish","format-standard","has-post-thumbnail","hentry","category-brasil-mundo","category-ultima-hora"],"_links":{"self":[{"href":"https:\/\/diarioregionaldigital.com.br\/index.php?rest_route=\/wp\/v2\/posts\/112564","targetHints":{"allow":["GET"]}}],"collection":[{"href":"https:\/\/diarioregionaldigital.com.br\/index.php?rest_route=\/wp\/v2\/posts"}],"about":[{"href":"https:\/\/diarioregionaldigital.com.br\/index.php?rest_route=\/wp\/v2\/types\/post"}],"author":[{"embeddable":true,"href":"https:\/\/diarioregionaldigital.com.br\/index.php?rest_route=\/wp\/v2\/users\/96"}],"replies":[{"embeddable":true,"href":"https:\/\/diarioregionaldigital.com.br\/index.php?rest_route=%2Fwp%2Fv2%2Fcomments&post=112564"}],"version-history":[{"count":0,"href":"https:\/\/diarioregionaldigital.com.br\/index.php?rest_route=\/wp\/v2\/posts\/112564\/revisions"}],"wp:featuredmedia":[{"embeddable":true,"href":"https:\/\/diarioregionaldigital.com.br\/index.php?rest_route=\/wp\/v2\/media\/97709"}],"wp:attachment":[{"href":"https:\/\/diarioregionaldigital.com.br\/index.php?rest_route=%2Fwp%2Fv2%2Fmedia&parent=112564"}],"wp:term":[{"taxonomy":"category","embeddable":true,"href":"https:\/\/diarioregionaldigital.com.br\/index.php?rest_route=%2Fwp%2Fv2%2Fcategories&post=112564"},{"taxonomy":"post_tag","embeddable":true,"href":"https:\/\/diarioregionaldigital.com.br\/index.php?rest_route=%2Fwp%2Fv2%2Ftags&post=112564"}],"curies":[{"name":"wp","href":"https:\/\/api.w.org\/{rel}","templated":true}]}}