{"id":112561,"date":"2018-07-24T08:47:29","date_gmt":"2018-07-24T11:47:29","guid":{"rendered":"http:\/\/diarioregionaljf.com.br\/?p=112561"},"modified":"2018-07-24T08:48:12","modified_gmt":"2018-07-24T11:48:12","slug":"pec-dos-professores-retorna-a-comissao-especial-da-almg-para-analise","status":"publish","type":"post","link":"https:\/\/diarioregionaldigital.com.br\/?p=112561","title":{"rendered":"PEC dos professores retorna \u00e0 Comiss\u00e3o Especial da ALMG para an\u00e1lise"},"content":{"rendered":"<p>A\u00a0<a href=\"https:\/\/www.almg.gov.br\/atividade_parlamentar\/tramitacao_projetos\/interna.html?a=2018&amp;n=49&amp;t=PEC\" target=\"_blank\" rel=\"noopener\">Proposta de Emenda \u00e0 Constitui\u00e7\u00e3o (PEC) 49\/18<\/a>, que prev\u00ea o\u00a0pagamento do piso nacional da educa\u00e7\u00e3o aos servidores estaduais\u00a0da \u00e1rea, <a href=\"https:\/\/www.almg.gov.br\/atividade_parlamentar\/plenario\/interna.html?tipo=res&amp;dDet=23|07|2018&amp;hDet=18:00\" target=\"_blank\" rel=\"noopener\">retorna \u00e0 sua Comiss\u00e3o Especial na Assembleia Legislativa de Minas Gerais (ALMG)<\/a> para an\u00e1lise do Substitutivo n\u00b0 1 recebido em Plen\u00e1rio na noite dessa segunda-feira, 23. A mat\u00e9ria estava em an\u00e1lise de 2\u00ba turno. A proposi\u00e7\u00e3o \u00e9 de autoria do deputado Rog\u00e9rio Correia (PT) e outros 72 parlamentares.<\/p>\n<p>A PEC determina que o vencimento inicial das carreiras dos profissionais de magist\u00e9rio da educa\u00e7\u00e3o b\u00e1sica n\u00e3o ser\u00e1 inferior ao valor integral vigente, com as atualiza\u00e7\u00f5es, do piso salarial profissional nacional dos profissionais do magist\u00e9rio p\u00fablico da educa\u00e7\u00e3o b\u00e1sica previsto no inciso VIII do caput do artigo 206 da Constitui\u00e7\u00e3o da Rep\u00fablica.<\/p>\n<p>Tamb\u00e9m define que o piso ser\u00e1 pago a servidores com jornada de 24 horas-aula semanais. Assegura, ainda, que ser\u00e3o reajustados na mesma periodicidade e no mesmo percentual adotados para a atualiza\u00e7\u00e3o do piso salarial nacional dos vencimentos das carreiras de Professor de Educa\u00e7\u00e3o B\u00e1sica (PEB), Especialista em Educa\u00e7\u00e3o B\u00e1sica (EEB), Analista de Educa\u00e7\u00e3o B\u00e1sica (AEB), Assistente T\u00e9cnico de Educa\u00e7\u00e3o B\u00e1sica (ATB), T\u00e9cnico da Educa\u00e7\u00e3o (TDE), Analista Educacional (ANE), Assistente de Educa\u00e7\u00e3o (ASE) e Auxiliar de Servi\u00e7os de Educa\u00e7\u00e3o B\u00e1sica (ASB), sem preju\u00edzo de revis\u00e3o geral ou outros reajustes.<\/p>\n<p>A Comiss\u00e3o Especial havia opinado pela aprova\u00e7\u00e3o do projeto na forma do vencido (texto aprovado em 1\u00ba turno), com a emenda n\u00ba 1, que apresentou. O texto proposto substitui o termo \u201choras-aula\u201d por \u201choras\u201d. A inten\u00e7\u00e3o \u00e9 evitar equ\u00edvocos na interpreta\u00e7\u00e3o e aplica\u00e7\u00e3o da norma.<\/p>\n<p>Na forma do vencido, o texto poderia levar \u00e0 interpreta\u00e7\u00e3o de que o professor somente faria jus ao recebimento integral do piso salarial profissional nacional se cumprisse a jornada de 24 horas semanais no exerc\u00edcio da doc\u00eancia, sem que as horas destinadas \u00e0s atividades extraclasse fossem consideradas.<\/p>\n<p>&nbsp;<\/p>\n<p><span style=\"font-size: 12pt;\"><strong>PISO SALARIAL\u00a0<\/strong><\/span><\/p>\n<p>O substitutivo n\u00b0 1, de autoria do deputado Bonif\u00e1cio Mour\u00e3o (PSDB), altera o texto da PEC de forma a garantir a atualiza\u00e7\u00e3o, em Minas Gerais, do piso nacional da educa\u00e7\u00e3o retroativamente a 2017. Assim, os pagamentos dos exerc\u00edcios de 2017 e 2018 devem observar os mesmos \u00edndices e prazos previstos em normas federais.\u00a0Essa atualiza\u00e7\u00e3o ser\u00e1 regulamentada\u00a0por ato do Poder Executivo publicado at\u00e9 31 de agosto deste ano.<\/p>\n<p>O\u00a0Substitutivo tamb\u00e9m\u00a0obriga a inclus\u00e3o, na folha de pagamento do primeiro m\u00eas subsequente \u00e0 data de publica\u00e7\u00e3o do ato citado, os valores relativos ao piso salarial atualizado e ao pagamento retroativo, integral e corrigido, dos valores atrasados.<\/p>\n<p>Por fim, foi acrescentada a obrigatoriedade de que, em fevereiro de cada ano, o governador envie para a ALMG um Projeto de Lei assegurando\u00a0a atualiza\u00e7\u00e3o do sal\u00e1rio estadual a partir da tabela nacional que entra em vigor em janeiro.<\/p>\n<p>Fonte: Assessoria\/ALMG<\/p>\n","protected":false},"excerpt":{"rendered":"<p>A\u00a0Proposta de Emenda \u00e0 Constitui\u00e7\u00e3o (PEC) 49\/18, que prev\u00ea o\u00a0pagamento do piso nacional da educa\u00e7\u00e3o aos servidores estaduais\u00a0da \u00e1rea, retorna \u00e0 sua Comiss\u00e3o Especial na Assembleia Legislativa de Minas Gerais (ALMG) para an\u00e1lise do Substitutivo n\u00b0 1 recebido em Plen\u00e1rio na noite dessa segunda-feira, 23. A mat\u00e9ria estava em an\u00e1lise de 2\u00ba turno. A proposi\u00e7\u00e3o [&hellip;]<\/p>\n","protected":false},"author":96,"featured_media":112562,"comment_status":"closed","ping_status":"closed","sticky":false,"template":"","format":"standard","meta":{"footnotes":""},"categories":[440,254],"tags":[],"class_list":["post-112561","post","type-post","status-publish","format-standard","has-post-thumbnail","hentry","category-destaques-do-dia","category-politica"],"_links":{"self":[{"href":"https:\/\/diarioregionaldigital.com.br\/index.php?rest_route=\/wp\/v2\/posts\/112561","targetHints":{"allow":["GET"]}}],"collection":[{"href":"https:\/\/diarioregionaldigital.com.br\/index.php?rest_route=\/wp\/v2\/posts"}],"about":[{"href":"https:\/\/diarioregionaldigital.com.br\/index.php?rest_route=\/wp\/v2\/types\/post"}],"author":[{"embeddable":true,"href":"https:\/\/diarioregionaldigital.com.br\/index.php?rest_route=\/wp\/v2\/users\/96"}],"replies":[{"embeddable":true,"href":"https:\/\/diarioregionaldigital.com.br\/index.php?rest_route=%2Fwp%2Fv2%2Fcomments&post=112561"}],"version-history":[{"count":0,"href":"https:\/\/diarioregionaldigital.com.br\/index.php?rest_route=\/wp\/v2\/posts\/112561\/revisions"}],"wp:featuredmedia":[{"embeddable":true,"href":"https:\/\/diarioregionaldigital.com.br\/index.php?rest_route=\/wp\/v2\/media\/112562"}],"wp:attachment":[{"href":"https:\/\/diarioregionaldigital.com.br\/index.php?rest_route=%2Fwp%2Fv2%2Fmedia&parent=112561"}],"wp:term":[{"taxonomy":"category","embeddable":true,"href":"https:\/\/diarioregionaldigital.com.br\/index.php?rest_route=%2Fwp%2Fv2%2Fcategories&post=112561"},{"taxonomy":"post_tag","embeddable":true,"href":"https:\/\/diarioregionaldigital.com.br\/index.php?rest_route=%2Fwp%2Fv2%2Ftags&post=112561"}],"curies":[{"name":"wp","href":"https:\/\/api.w.org\/{rel}","templated":true}]}}