{"id":112559,"date":"2018-07-24T08:36:12","date_gmt":"2018-07-24T11:36:12","guid":{"rendered":"http:\/\/diarioregionaljf.com.br\/?p=112559"},"modified":"2018-07-24T08:36:29","modified_gmt":"2018-07-24T11:36:29","slug":"jovens-sao-encontradas-mortas-no-bairro-santa-rita","status":"publish","type":"post","link":"https:\/\/diarioregionaldigital.com.br\/?p=112559","title":{"rendered":"Jovens s\u00e3o encontradas mortas no bairro Santa Rita"},"content":{"rendered":"<p>Duas jovens, de 21 e 27 anos, foram encontradas mortas na Rua Orville Derby Dutra, no bairro Santa Rita, Zona Leste da cidade, na noite dessa segunda-feira, 23.<\/p>\n<p>Conforme registro da ocorr\u00eancia na Pol\u00edcia Militar (PM), uma guarni\u00e7\u00e3o compareceu ao local e se deparou com as v\u00edtimas ca\u00eddas no solo, sem sinais vitais. As jovens tinham ferimentos na cabe\u00e7a, aparentemente provocados por arma de fogo.<\/p>\n<p>Uma equipe do SAMU esteve no local e constatou os \u00f3bitos. A per\u00edcia t\u00e9cnica tamb\u00e9m foi acionada, sendo recolhidos um proj\u00e9til que estava pr\u00f3ximo ao corpo de uma das jovens e os telefones celulares das v\u00edtimas.<\/p>\n<p>Os materiais recolhidos foram encaminhados \u00e0 delegacia.<\/p>\n","protected":false},"excerpt":{"rendered":"<p>Duas jovens, de 21 e 27 anos, foram encontradas mortas na Rua Orville Derby Dutra, no bairro Santa Rita, Zona Leste da cidade, na noite dessa segunda-feira, 23. Conforme registro da ocorr\u00eancia na Pol\u00edcia Militar (PM), uma guarni\u00e7\u00e3o compareceu ao local e se deparou com as v\u00edtimas ca\u00eddas no solo, sem sinais vitais. As jovens [&hellip;]<\/p>\n","protected":false},"author":96,"featured_media":95836,"comment_status":"closed","ping_status":"closed","sticky":false,"template":"","format":"standard","meta":{"footnotes":""},"categories":[301,439],"tags":[],"class_list":["post-112559","post","type-post","status-publish","format-standard","has-post-thumbnail","hentry","category-artigos-policiais","category-ultima-hora"],"_links":{"self":[{"href":"https:\/\/diarioregionaldigital.com.br\/index.php?rest_route=\/wp\/v2\/posts\/112559","targetHints":{"allow":["GET"]}}],"collection":[{"href":"https:\/\/diarioregionaldigital.com.br\/index.php?rest_route=\/wp\/v2\/posts"}],"about":[{"href":"https:\/\/diarioregionaldigital.com.br\/index.php?rest_route=\/wp\/v2\/types\/post"}],"author":[{"embeddable":true,"href":"https:\/\/diarioregionaldigital.com.br\/index.php?rest_route=\/wp\/v2\/users\/96"}],"replies":[{"embeddable":true,"href":"https:\/\/diarioregionaldigital.com.br\/index.php?rest_route=%2Fwp%2Fv2%2Fcomments&post=112559"}],"version-history":[{"count":0,"href":"https:\/\/diarioregionaldigital.com.br\/index.php?rest_route=\/wp\/v2\/posts\/112559\/revisions"}],"wp:featuredmedia":[{"embeddable":true,"href":"https:\/\/diarioregionaldigital.com.br\/index.php?rest_route=\/wp\/v2\/media\/95836"}],"wp:attachment":[{"href":"https:\/\/diarioregionaldigital.com.br\/index.php?rest_route=%2Fwp%2Fv2%2Fmedia&parent=112559"}],"wp:term":[{"taxonomy":"category","embeddable":true,"href":"https:\/\/diarioregionaldigital.com.br\/index.php?rest_route=%2Fwp%2Fv2%2Fcategories&post=112559"},{"taxonomy":"post_tag","embeddable":true,"href":"https:\/\/diarioregionaldigital.com.br\/index.php?rest_route=%2Fwp%2Fv2%2Ftags&post=112559"}],"curies":[{"name":"wp","href":"https:\/\/api.w.org\/{rel}","templated":true}]}}