{"id":112557,"date":"2018-07-24T08:15:37","date_gmt":"2018-07-24T11:15:37","guid":{"rendered":"http:\/\/diarioregionaljf.com.br\/?p=112557"},"modified":"2018-07-24T08:16:11","modified_gmt":"2018-07-24T11:16:11","slug":"trio-armado-assalta-rapaz-na-zona-norte-2","status":"publish","type":"post","link":"https:\/\/diarioregionaldigital.com.br\/?p=112557","title":{"rendered":"Trio armado assalta rapaz na Zona Norte"},"content":{"rendered":"<p>Um rapaz de 25 anos foi assaltado por tr\u00eas indiv\u00edduos, um deles portando uma arma de fogo, no bairro Industrial, Zona Norte de JF, na noite dessa segunda-feira, 23.<\/p>\n<p>A v\u00edtima relatou \u00e0 Pol\u00edcia Militar (PM) que transitava por uma passarela da linha f\u00e9rrea, pr\u00f3ximo \u00e0 Rua Jos\u00e9 de Ara\u00fajo Braga, quando foi abordada pelo trio. Os ladr\u00f5es anunciaram o assalto e subtra\u00edram o celular e R$50 do jovem, fugindo em seguida.<\/p>\n<p>A v\u00edtima foi orientada sobre as demais provid\u00eancias.<\/p>\n","protected":false},"excerpt":{"rendered":"<p>Um rapaz de 25 anos foi assaltado por tr\u00eas indiv\u00edduos, um deles portando uma arma de fogo, no bairro Industrial, Zona Norte de JF, na noite dessa segunda-feira, 23. A v\u00edtima relatou \u00e0 Pol\u00edcia Militar (PM) que transitava por uma passarela da linha f\u00e9rrea, pr\u00f3ximo \u00e0 Rua Jos\u00e9 de Ara\u00fajo Braga, quando foi abordada pelo [&hellip;]<\/p>\n","protected":false},"author":96,"featured_media":95836,"comment_status":"closed","ping_status":"closed","sticky":false,"template":"","format":"standard","meta":{"footnotes":""},"categories":[301,439],"tags":[],"class_list":["post-112557","post","type-post","status-publish","format-standard","has-post-thumbnail","hentry","category-artigos-policiais","category-ultima-hora"],"_links":{"self":[{"href":"https:\/\/diarioregionaldigital.com.br\/index.php?rest_route=\/wp\/v2\/posts\/112557","targetHints":{"allow":["GET"]}}],"collection":[{"href":"https:\/\/diarioregionaldigital.com.br\/index.php?rest_route=\/wp\/v2\/posts"}],"about":[{"href":"https:\/\/diarioregionaldigital.com.br\/index.php?rest_route=\/wp\/v2\/types\/post"}],"author":[{"embeddable":true,"href":"https:\/\/diarioregionaldigital.com.br\/index.php?rest_route=\/wp\/v2\/users\/96"}],"replies":[{"embeddable":true,"href":"https:\/\/diarioregionaldigital.com.br\/index.php?rest_route=%2Fwp%2Fv2%2Fcomments&post=112557"}],"version-history":[{"count":0,"href":"https:\/\/diarioregionaldigital.com.br\/index.php?rest_route=\/wp\/v2\/posts\/112557\/revisions"}],"wp:featuredmedia":[{"embeddable":true,"href":"https:\/\/diarioregionaldigital.com.br\/index.php?rest_route=\/wp\/v2\/media\/95836"}],"wp:attachment":[{"href":"https:\/\/diarioregionaldigital.com.br\/index.php?rest_route=%2Fwp%2Fv2%2Fmedia&parent=112557"}],"wp:term":[{"taxonomy":"category","embeddable":true,"href":"https:\/\/diarioregionaldigital.com.br\/index.php?rest_route=%2Fwp%2Fv2%2Fcategories&post=112557"},{"taxonomy":"post_tag","embeddable":true,"href":"https:\/\/diarioregionaldigital.com.br\/index.php?rest_route=%2Fwp%2Fv2%2Ftags&post=112557"}],"curies":[{"name":"wp","href":"https:\/\/api.w.org\/{rel}","templated":true}]}}