{"id":112553,"date":"2018-07-24T07:40:50","date_gmt":"2018-07-24T10:40:50","guid":{"rendered":"http:\/\/diarioregionaljf.com.br\/?p=112553"},"modified":"2018-07-24T07:41:10","modified_gmt":"2018-07-24T10:41:10","slug":"novo-treinamento-da-fiemg-regional-zm-discute-sistema-esocial","status":"publish","type":"post","link":"https:\/\/diarioregionaldigital.com.br\/?p=112553","title":{"rendered":"Novo treinamento da FIEMG Regional ZM discute Sistema eSocial"},"content":{"rendered":"<p>Um novo treinamento da FIEMG Regional Zona da Mata vai apresentar e discutir, nessa quinta-feira, 26, o Sistema eSocial. Por ser este um tema que gera muitas d\u00favidas entre os empres\u00e1rios, o curso ser\u00e1 promovido para uma nova turma, na sede da entidade, de 8h30 \u00e0s 18h, tendo como objetivo orientar os participantes a respeito do eSocial, sistema implantado pelo governo como ferramenta de controle do cumprimento das obriga\u00e7\u00f5es trabalhistas e previdenci\u00e1rias.<\/p>\n<p>O instrutor ser\u00e1 o advogado, especialista nas \u00e1reas Trabalhista e Previdenci\u00e1ria, Seguran\u00e7a e Sa\u00fade do Trabalho, Rodrigo Dolabela, profissional com vasta experi\u00eancia no assunto e instrutor de palestras e treinamentos em todo o Brasil. Durante o curso, ser\u00e3o estudados os pontos impactantes da Legisla\u00e7\u00e3o informados no eSocial, visando preparar os profissionais para a correta opera\u00e7\u00e3o da ferramenta. Ser\u00e3o ainda revisados procedimentos, para a extin\u00e7\u00e3o de eventuais erros no cumprimento das obriga\u00e7\u00f5es e apresentadas as regras legais com o intuito de redu\u00e7\u00e3o ou elimina\u00e7\u00e3o da gera\u00e7\u00e3o de passivos trabalhistas e fiscais.<\/p>\n<p>O treinamento tem como p\u00fablico-alvo administradores, contabilistas, gerentes, supervisores e analistas de Recursos Humanos, auditores, engenheiros e t\u00e9cnicos de Seguran\u00e7a do Trabalho, advogados, estudantes e demais profissionais interessados no tema. Entre os principais t\u00f3picos a serem abordados est\u00e3o: vis\u00e3o geral e objetivos; regras e caracter\u00edsticas t\u00e9cnicas; obriga\u00e7\u00f5es acess\u00f3rias; eventos trabalhistas; v\u00ednculos e folha de pagamentos; fluxo de informa\u00e7\u00f5es; acidentes; aposentadorias; atestados; movimenta\u00e7\u00f5es; sal\u00e1rio-maternidade; contratos de trabalho; PPP; eSocial X prestadores de servi\u00e7os; reclama\u00e7\u00f5es trabalhistas; layout; expectativas e responsabilidades.<\/p>\n<p>Os interessados devem se inscrever atrav\u00e9s do e-mail\u00a0<a href=\"mailto:relacoeszm@fiemg.com.br\">relacoeszm@fiemg.com.br<\/a>\u00a0ou pelo telefone (32) 3249-1028. O investimento \u00e9 de R$185 para participantes de empresas associadas aos Sindicatos filiados \u00e0 FIEMG e R$210 para os demais, j\u00e1 inclu\u00eddo material did\u00e1tico e servi\u00e7o de alimenta\u00e7\u00e3o completo. O treinamento ser\u00e1 realizado na FIEMG Regional Zona da Mata, localizada na Av. Garcia Rodrigues Paes, n\u00ba 12.395, Bairro Industrial, em Juiz de Fora. As vagas s\u00e3o limitadas.<\/p>\n<p>&nbsp;<\/p>\n<p>Fonte: Assessoria<\/p>\n","protected":false},"excerpt":{"rendered":"<p>Um novo treinamento da FIEMG Regional Zona da Mata vai apresentar e discutir, nessa quinta-feira, 26, o Sistema eSocial. Por ser este um tema que gera muitas d\u00favidas entre os empres\u00e1rios, o curso ser\u00e1 promovido para uma nova turma, na sede da entidade, de 8h30 \u00e0s 18h, tendo como objetivo orientar os participantes a respeito [&hellip;]<\/p>\n","protected":false},"author":96,"featured_media":105098,"comment_status":"closed","ping_status":"closed","sticky":false,"template":"","format":"standard","meta":{"footnotes":""},"categories":[253,439],"tags":[],"class_list":["post-112553","post","type-post","status-publish","format-standard","has-post-thumbnail","hentry","category-cidade","category-ultima-hora"],"_links":{"self":[{"href":"https:\/\/diarioregionaldigital.com.br\/index.php?rest_route=\/wp\/v2\/posts\/112553","targetHints":{"allow":["GET"]}}],"collection":[{"href":"https:\/\/diarioregionaldigital.com.br\/index.php?rest_route=\/wp\/v2\/posts"}],"about":[{"href":"https:\/\/diarioregionaldigital.com.br\/index.php?rest_route=\/wp\/v2\/types\/post"}],"author":[{"embeddable":true,"href":"https:\/\/diarioregionaldigital.com.br\/index.php?rest_route=\/wp\/v2\/users\/96"}],"replies":[{"embeddable":true,"href":"https:\/\/diarioregionaldigital.com.br\/index.php?rest_route=%2Fwp%2Fv2%2Fcomments&post=112553"}],"version-history":[{"count":0,"href":"https:\/\/diarioregionaldigital.com.br\/index.php?rest_route=\/wp\/v2\/posts\/112553\/revisions"}],"wp:featuredmedia":[{"embeddable":true,"href":"https:\/\/diarioregionaldigital.com.br\/index.php?rest_route=\/wp\/v2\/media\/105098"}],"wp:attachment":[{"href":"https:\/\/diarioregionaldigital.com.br\/index.php?rest_route=%2Fwp%2Fv2%2Fmedia&parent=112553"}],"wp:term":[{"taxonomy":"category","embeddable":true,"href":"https:\/\/diarioregionaldigital.com.br\/index.php?rest_route=%2Fwp%2Fv2%2Fcategories&post=112553"},{"taxonomy":"post_tag","embeddable":true,"href":"https:\/\/diarioregionaldigital.com.br\/index.php?rest_route=%2Fwp%2Fv2%2Ftags&post=112553"}],"curies":[{"name":"wp","href":"https:\/\/api.w.org\/{rel}","templated":true}]}}