{"id":112539,"date":"2018-07-23T21:04:27","date_gmt":"2018-07-24T00:04:27","guid":{"rendered":"http:\/\/diarioregionaljf.com.br\/?p=112539"},"modified":"2018-07-23T21:04:27","modified_gmt":"2018-07-24T00:04:27","slug":"guarda-municipal-leva-projeto-cerol-corta-essa-as-criancas-do-nucleo-travessia","status":"publish","type":"post","link":"https:\/\/diarioregionaldigital.com.br\/?p=112539","title":{"rendered":"Guarda Municipal leva projeto &#8220;Cerol: Corta Essa&#8221; \u00e0s crian\u00e7as do \u201cN\u00facleo Travessia\u201d"},"content":{"rendered":"<p>No s\u00e1bado, 21, a Guarda Municipal (GM) esteve no \u201cN\u00facleo Travessia\u201d, no Bairro Olavo Costa, com o projeto &#8220;Cerol: Corta Essa&#8221;. A equipe levou o trabalho de sensibiliza\u00e7\u00e3o sobre os riscos do uso do cerol e da linha &#8220;chilena&#8221; \u00e0s crian\u00e7as da regi\u00e3o. O encontro aconteceu durante a primeira edi\u00e7\u00e3o do evento &#8220;A\u00e7\u00f5es Comunit\u00e1rias N\u00facleo Travessia&#8221;, realizado na regi\u00e3o. Cerca de 50 crian\u00e7as participaram de um bate papo educativo e, no final, cada uma ganhou uma pipa. Aquelas que se dispuseram a entregar a linha chilena para a GM ganharam um rolo de linha sem cortante. A atividade contou ainda com as presen\u00e7as dos parceiros do Corpo de Bombeiros e do Motoclube de Juiz de Fora.<\/p>\n<p>&#8220;Aqui encontramos muitas crian\u00e7as que usam o cerol ou a linha chilena. Houve, inclusive, relato de acidente bastante s\u00e9rio, com corte profundo na m\u00e3o de uma crian\u00e7a que se utilizava do material&#8221;, afirmou o supervisor de capacita\u00e7\u00e3o da GM, Leandro Lisboa. A fun\u00e7\u00e3o da campanha n\u00e3o \u00e9 reprimir a brincadeira, e sim mostrar que deve ser praticada com cuidados, como a escolha do local em \u00e1rea livre, longe da rede el\u00e9trica e lajes sem prote\u00e7\u00e3o, bem como usando linhas sem adi\u00e7\u00e3o de revestimento cortante.<\/p>\n<p>O objetivo do &#8220;Cerol: Corta Essa&#8221; \u00e9 mostrar que a brincadeira pode ser praticada de forma segura para todos. Desde o in\u00edcio do m\u00eas, a GM trabalha a tem\u00e1tica do cerol de forma preventiva. A escolha de julho para o lan\u00e7amento da campanha coincide com o per\u00edodo de f\u00e9rias e condi\u00e7\u00f5es de tempo favor\u00e1vel ao aumento do n\u00famero de jovens e crian\u00e7as que brinca com pipas. Para alertar \u00e0 popula\u00e7\u00e3o, blitzes educativas est\u00e3o acontecendo em v\u00e1rios pontos da cidade. Ap\u00f3s \u00e0s f\u00e9rias, o tema ser\u00e1 levado \u00e0 comunidade escolar, atrav\u00e9s de visitas do grupo Guardas no Apoio e Preven\u00e7\u00e3o nas Escolas (Gape).<\/p>\n<p>&nbsp;<\/p>\n<p>&nbsp;<\/p>\n<p>Fonte: Assessoria<\/p>\n","protected":false},"excerpt":{"rendered":"<p>No s\u00e1bado, 21, a Guarda Municipal (GM) esteve no \u201cN\u00facleo Travessia\u201d, no Bairro Olavo Costa, com o projeto &#8220;Cerol: Corta Essa&#8221;. A equipe levou o trabalho de sensibiliza\u00e7\u00e3o sobre os riscos do uso do cerol e da linha &#8220;chilena&#8221; \u00e0s crian\u00e7as da regi\u00e3o. O encontro aconteceu durante a primeira edi\u00e7\u00e3o do evento &#8220;A\u00e7\u00f5es Comunit\u00e1rias N\u00facleo [&hellip;]<\/p>\n","protected":false},"author":96,"featured_media":112540,"comment_status":"closed","ping_status":"closed","sticky":false,"template":"","format":"standard","meta":{"footnotes":""},"categories":[253,436,439],"tags":[],"class_list":["post-112539","post","type-post","status-publish","format-standard","has-post-thumbnail","hentry","category-cidade","category-destaque-da-semana","category-ultima-hora"],"_links":{"self":[{"href":"https:\/\/diarioregionaldigital.com.br\/index.php?rest_route=\/wp\/v2\/posts\/112539","targetHints":{"allow":["GET"]}}],"collection":[{"href":"https:\/\/diarioregionaldigital.com.br\/index.php?rest_route=\/wp\/v2\/posts"}],"about":[{"href":"https:\/\/diarioregionaldigital.com.br\/index.php?rest_route=\/wp\/v2\/types\/post"}],"author":[{"embeddable":true,"href":"https:\/\/diarioregionaldigital.com.br\/index.php?rest_route=\/wp\/v2\/users\/96"}],"replies":[{"embeddable":true,"href":"https:\/\/diarioregionaldigital.com.br\/index.php?rest_route=%2Fwp%2Fv2%2Fcomments&post=112539"}],"version-history":[{"count":0,"href":"https:\/\/diarioregionaldigital.com.br\/index.php?rest_route=\/wp\/v2\/posts\/112539\/revisions"}],"wp:featuredmedia":[{"embeddable":true,"href":"https:\/\/diarioregionaldigital.com.br\/index.php?rest_route=\/wp\/v2\/media\/112540"}],"wp:attachment":[{"href":"https:\/\/diarioregionaldigital.com.br\/index.php?rest_route=%2Fwp%2Fv2%2Fmedia&parent=112539"}],"wp:term":[{"taxonomy":"category","embeddable":true,"href":"https:\/\/diarioregionaldigital.com.br\/index.php?rest_route=%2Fwp%2Fv2%2Fcategories&post=112539"},{"taxonomy":"post_tag","embeddable":true,"href":"https:\/\/diarioregionaldigital.com.br\/index.php?rest_route=%2Fwp%2Fv2%2Ftags&post=112539"}],"curies":[{"name":"wp","href":"https:\/\/api.w.org\/{rel}","templated":true}]}}