{"id":112521,"date":"2018-07-24T06:00:20","date_gmt":"2018-07-24T09:00:20","guid":{"rendered":"http:\/\/diarioregionaljf.com.br\/?p=112521"},"modified":"2018-07-24T13:47:27","modified_gmt":"2018-07-24T16:47:27","slug":"campanha-de-popularizacao-do-teatro-e-da-danca-marca-presenca-novamente-em-jf-com-diversas-atracoes","status":"publish","type":"post","link":"https:\/\/diarioregionaldigital.com.br\/?p=112521","title":{"rendered":"Campanha de Populariza\u00e7\u00e3o do Teatro e da Dan\u00e7a marca presen\u00e7a novamente em JF com diversas atra\u00e7\u00f5es"},"content":{"rendered":"<p>Como forma de promover entretenimento, cultura e lazer aos juiz-foranos, a 17\u00aa edi\u00e7\u00e3o de Campanha de Populariza\u00e7\u00e3o Teatro&amp;Dan\u00e7a, considerada um dos maiores eventos das artes c\u00eanicas no pa\u00eds, organizada pela Associa\u00e7\u00e3o de Produtores de Artes C\u00eanicas de Juiz de Fora (Apac\/JF), em parceria com o Sinparc, est\u00e1 prevista para acontecer entre os dias 3 e 27 de agosto na cidade, marcada com diversas atra\u00e7\u00f5es culturais e art\u00edsticas para todas as idades.<\/p>\n<p>Formado h\u00e1 17 anos, atrav\u00e9s da parceria com o Sindicato dos Artistas e T\u00e9cnicos de Belo Horizonte (SATED) &#8211; que j\u00e1 realizava o trabalho na capital e tinha como objetivo expandir essa campanha nas cidades do interior de Minas Gerais &#8211; a campanha sempre aconteceu anualmente em Juiz de Fora, na \u00e9poca das f\u00e9rias [janeiro\/ fevereiro]. Neste ano, marcado em uma data especial, o evento acontecer\u00e1 em agosto, \u00e9poca em que todos estar\u00e3o na cidade e poder\u00e3o aproveitar toda a programa\u00e7\u00e3o, que conta com 33 atra\u00e7\u00f5es, sendo 7 pe\u00e7as infantis, 20 adultas, apresenta\u00e7\u00f5es de dan\u00e7as, 5 oficinas, semin\u00e1rios, confer\u00eancias, circuito de leituras e comunica\u00e7\u00f5es. Al\u00e9m disso, 80% dos espet\u00e1culos que est\u00e3o participando se apresentar\u00e1 pela primeira vez \u00a0na cidade, abrindo um leque maior de op\u00e7\u00f5es para os juiz-foranos.<\/p>\n<p>Cristiano Fernandes, diretor da Apac, destacou o envolvimento do p\u00fablico com a campanha sendo este um dos principais motivos do evento chegar a sua 17\u00aa realiza\u00e7\u00e3o. \u201cDeu muito certo. As pessoas tamb\u00e9m abra\u00e7aram a ideia, o p\u00fablico recebeu isso com muito bons olhos. Prestigia desde a primeira edi\u00e7\u00e3o, e a gente continua levando, porque ela d\u00e1 voz e vez para os artistas locais. \u00c9 um evento que tem for\u00e7a, porque \u00e9 um evento coletivo. Re\u00fane v\u00e1rios grupos, v\u00e1rias possibilidades de linguagens, diversidades e arte de teatro e dan\u00e7a, em especial\u201d, explicou Fernandes.<\/p>\n<div id=\"attachment_112522\" style=\"width: 810px\" class=\"wp-caption alignnone\"><img loading=\"lazy\" decoding=\"async\" aria-describedby=\"caption-attachment-112522\" class=\"size-full wp-image-112522\" src=\"http:\/\/diarioregionaljf.com.br\/wp-content\/uploads\/2018\/07\/teatroedanca.jpg\" alt=\"\" width=\"800\" height=\"600\" srcset=\"https:\/\/diarioregionaldigital.com.br\/wp-content\/uploads\/2018\/07\/teatroedanca.jpg 800w, https:\/\/diarioregionaldigital.com.br\/wp-content\/uploads\/2018\/07\/teatroedanca-300x225.jpg 300w, https:\/\/diarioregionaldigital.com.br\/wp-content\/uploads\/2018\/07\/teatroedanca-768x576.jpg 768w, https:\/\/diarioregionaldigital.com.br\/wp-content\/uploads\/2018\/07\/teatroedanca-360x270.jpg 360w\" sizes=\"auto, (max-width: 800px) 100vw, 800px\" \/><p id=\"caption-attachment-112522\" class=\"wp-caption-text\">Para aqueles que se interessarem a venda dos ingressos j\u00e1 est\u00e3o acontecendo no Parque Halfeld. Foto: Divulga\u00e7\u00e3o<\/p><\/div>\n<p>Fernandes ainda ressaltou a import\u00e2ncia deste evento para Juiz de Fora e o principal objetivo da campanha neste ano, que tem como slogan \u201cArtes c\u00eanicas como resist\u00eancia: ainda cabe sonhar para transformar\u201d. \u201cAssim como o Prestes dizia, \u2018Gostar de teatro e ir ao teatro tamb\u00e9m se aprende e ensina\u2019, esta \u00e9 uma campanha atual. A gente acredita que para uma sociedade, o teatro faz uma total diferen\u00e7a na maneira da pessoa se entender, entender o outro, entender o mundo e se entender no mundo. Ent\u00e3o, atrav\u00e9s dos espet\u00e1culos, das diversas linguagens, n\u00f3s levamos a arte, entretenimento, cultura, lazer, mas, tamb\u00e9m, levamos o saber. Afinal de contas, n\u00f3s estamos aqui para modificar este mundo e tornar algo melhor para a gente viver. A arte contribui para isso tudo.\u201d, disse o diretor.<\/p>\n<p><strong>\u00a0<\/strong><\/p>\n<p><strong>Forma de participar<\/strong><\/p>\n<p>A venda dos ingressos j\u00e1 est\u00e3o acontecendo no trailer montado no Parque Halfeld, em frente a Funalfa, de segunda a sexta-feira e domingo, das 12h \u00e0s 19h. J\u00e1 no s\u00e1bado, das 10h \u00e0s 19h.<\/p>\n<p>Al\u00e9m de toda a programa\u00e7\u00e3o, o evento conta com mais um espa\u00e7o in\u00e9dito para a venda dos ingressos, localizado no Independ\u00eancia Shopping, segundo andar. A inaugura\u00e7\u00e3o do local est\u00e1 marcada para o dia 1\u00b0 de agosto, \u00e0s 19 horas, onde as pessoas poder\u00e3o conferir uma exposi\u00e7\u00e3o de toda a trajet\u00f3ria da campanha e tomar um coffee break. A entrada \u00e9 gratuita.<\/p>\n<p>J\u00e1 a estreia da campanha est\u00e1 marcada para o dia 3 de agosto, \u00e0s 19h, no O Andar de Baixo (Rua Mal. Floriano Peixoto, 37 &#8211; Centro), tendo como atra\u00e7\u00e3o a cerim\u00f4nia de abertura com performances de artistas.<\/p>\n<p>Mais informa\u00e7\u00f5es: www.apacjf.com.br<\/p>\n","protected":false},"excerpt":{"rendered":"<p>Como forma de promover entretenimento, cultura e lazer aos juiz-foranos, a 17\u00aa edi\u00e7\u00e3o de Campanha de Populariza\u00e7\u00e3o Teatro&amp;Dan\u00e7a, considerada um dos maiores eventos das artes c\u00eanicas no pa\u00eds, organizada pela Associa\u00e7\u00e3o de Produtores de Artes C\u00eanicas de Juiz de Fora (Apac\/JF), em parceria com o Sinparc, est\u00e1 prevista para acontecer entre os dias 3 e [&hellip;]<\/p>\n","protected":false},"author":96,"featured_media":112523,"comment_status":"closed","ping_status":"closed","sticky":false,"template":"","format":"standard","meta":{"footnotes":""},"categories":[253,440,439],"tags":[],"class_list":["post-112521","post","type-post","status-publish","format-standard","has-post-thumbnail","hentry","category-cidade","category-destaques-do-dia","category-ultima-hora"],"_links":{"self":[{"href":"https:\/\/diarioregionaldigital.com.br\/index.php?rest_route=\/wp\/v2\/posts\/112521","targetHints":{"allow":["GET"]}}],"collection":[{"href":"https:\/\/diarioregionaldigital.com.br\/index.php?rest_route=\/wp\/v2\/posts"}],"about":[{"href":"https:\/\/diarioregionaldigital.com.br\/index.php?rest_route=\/wp\/v2\/types\/post"}],"author":[{"embeddable":true,"href":"https:\/\/diarioregionaldigital.com.br\/index.php?rest_route=\/wp\/v2\/users\/96"}],"replies":[{"embeddable":true,"href":"https:\/\/diarioregionaldigital.com.br\/index.php?rest_route=%2Fwp%2Fv2%2Fcomments&post=112521"}],"version-history":[{"count":0,"href":"https:\/\/diarioregionaldigital.com.br\/index.php?rest_route=\/wp\/v2\/posts\/112521\/revisions"}],"wp:featuredmedia":[{"embeddable":true,"href":"https:\/\/diarioregionaldigital.com.br\/index.php?rest_route=\/wp\/v2\/media\/112523"}],"wp:attachment":[{"href":"https:\/\/diarioregionaldigital.com.br\/index.php?rest_route=%2Fwp%2Fv2%2Fmedia&parent=112521"}],"wp:term":[{"taxonomy":"category","embeddable":true,"href":"https:\/\/diarioregionaldigital.com.br\/index.php?rest_route=%2Fwp%2Fv2%2Fcategories&post=112521"},{"taxonomy":"post_tag","embeddable":true,"href":"https:\/\/diarioregionaldigital.com.br\/index.php?rest_route=%2Fwp%2Fv2%2Ftags&post=112521"}],"curies":[{"name":"wp","href":"https:\/\/api.w.org\/{rel}","templated":true}]}}