{"id":112494,"date":"2018-07-23T17:56:31","date_gmt":"2018-07-23T20:56:31","guid":{"rendered":"http:\/\/diarioregionaljf.com.br\/?p=112494"},"modified":"2018-07-23T17:56:31","modified_gmt":"2018-07-23T20:56:31","slug":"feira-minastche-disponibiliza-cortesias-para-o-publico","status":"publish","type":"post","link":"https:\/\/diarioregionaldigital.com.br\/?p=112494","title":{"rendered":"Feira MinasTch\u00ea disponibiliza cortesias para o p\u00fablico"},"content":{"rendered":"<p>Quem ainda n\u00e3o visitou a MinasTch\u00ea, feira de tradi\u00e7\u00f5es ga\u00fachas, tem a oportunidade de conhecer o evento gratuitamente nesta segunda e ter\u00e7a-feira. A organiza\u00e7\u00e3o est\u00e1 oferecendo cortesias para a entrada, que nos outros dias tem o valor de R$5. Para garantir o benef\u00edcio, basta acessar o site <a href=\"http:\/\/www.minastche.com.br\/\" data-saferedirecturl=\"https:\/\/www.google.com\/url?q=http:\/\/www.minastche.com.br&amp;source=gmail&amp;ust=1532462950734000&amp;usg=AFQjCNHHRm9vtOOPKMJDXIRH0W6piUtPlw\">www.minastche.com.br<\/a> e conferir o <a href=\"https:\/\/www.sympla.com.br\/1-minastche-juia-de-fora---cortesia-para-os-dias-23-e-2408__327134\" data-saferedirecturl=\"https:\/\/www.google.com\/url?q=https:\/\/www.sympla.com.br\/1-minastche-juia-de-fora---cortesia-para-os-dias-23-e-2408__327134&amp;source=gmail&amp;ust=1532462950734000&amp;usg=AFQjCNEmmauQbB3yaiyWhBAFFUyBbQcmsg\">link<\/a> sobre as cortesias, dispon\u00edvel no topo da p\u00e1gina. O usu\u00e1rio ser\u00e1 encaminhado para um novo site e dever\u00e1 imprimir o comprovante da cortesia para conseguir a entrada gratuita na feira.<\/p>\n<p>Nesta segunda e ter\u00e7a-feira, a MinasTch\u00ea funciona das 16hs \u00e0s 23hs, com apresenta\u00e7\u00e3o do Grupo Ga\u00facho Adaga \u00e0s 22h.\u00a0 A feira de tradi\u00e7\u00f5es ga\u00fachas acontece at\u00e9 o pr\u00f3ximo domingo, 29, no MHall.<\/p>\n<p><strong>\u00a0<\/strong><strong>Sobre a MinasTch\u00ea<\/strong><\/p>\n<p>A Feira MinasTch\u00ea tem origem em Belo Horizonte e possui 16 anos de tradi\u00e7\u00e3o no estado, trazendo o melhor da gastronomia, artesanato, moda e m\u00fasica do sul do pa\u00eds. S\u00e3o cerca de 40 expositores, al\u00e9m de atra\u00e7\u00f5es culturais e pra\u00e7a de alimenta\u00e7\u00e3o.<\/p>\n<p>S\u00e9rgio Silva, organizador do evento, destaca a variedade de atra\u00e7\u00f5es e novidades que os visitantes podem conferir. \u201cA MinasTch\u00ea \u00e9 uma feira multisetorial, que apresenta as tradi\u00e7\u00f5es, produtos e cultura do sul do Brasil, onde as pessoas v\u00e3o conhecer o Rio Grande do Sul sem sair de Juiz de Fora\u201d.<\/p>\n<p><strong>\u00a0<\/strong><strong>Atra\u00e7\u00f5es<\/strong><\/p>\n<p><strong>Casa do Ga\u00facho<\/strong> \u2013 o p\u00fablico vai poder visitar uma t\u00edpica casa ga\u00facha e participar de diversas atividades interativas nesse espa\u00e7o. Haver\u00e1 roda de chimarr\u00e3o, com degusta\u00e7\u00e3o e dicas para o preparo da bebida. Al\u00e9m disso, a casa conta com um ambiente tem\u00e1tico para os visitantes fazerem fotos gratuitas vestindo trajes t\u00edpicos.<\/p>\n<p><strong>Espa\u00e7o Bier Tch\u00ea<\/strong> \u2013 os apreciadores de cervejas artesanais v\u00e3o saborear diferentes r\u00f3tulos e estilos, com a presen\u00e7a de cervejarias da cidade e de Belo Horizonte.<\/p>\n<p><strong>Exposi\u00e7\u00e3o Fotogr\u00e1fica \u201cMulheres Ga\u00fachas\u201d<\/strong> \u2013 os visitantes poder\u00e3o conferir o trabalho autoral e art\u00edstico da fot\u00f3grafa Simone Brogni que mostra, atrav\u00e9s de suas fotos, a simplicidade e a beleza da mulher ga\u00facha. A exposi\u00e7\u00e3o \u00e9 composta por 30 fotos emolduradas no tamanho 50x80cm, coloridas e em preto e branco. Nas fotos est\u00e3o estampadas as dan\u00e7as das prendas com seus vestidos coloridos, o manuseio com os animais, o preparo da comida campeira como nos tempos antigos, a presen\u00e7a da mulher nas cavalgadas, nos concursos regionais, nas provas de tiro de la\u00e7o e nas m\u00fasicas gauchescas.<\/p>\n<p>Os visitantes ainda v\u00e3o encontrar:<\/p>\n<p><strong>Cucas<\/strong> \u2013 produzidas por descendentes de alem\u00e3es h\u00e1 mais de 10 anos, as cucas fazem sucesso entre os visitantes da feira em outras cidades. Al\u00e9m do doce t\u00edpico, tamb\u00e9m ser\u00e3o vendidos p\u00e3es, biscoitos caseiros, v\u00e1rios tipos de doces, geleias e chimias.<\/p>\n<p><strong>Queijos, salames e vinhos<\/strong> \u2013 os queijos e vinhos encontrados na MinasTch\u00ea s\u00e3o produzidos nas regi\u00f5es mais tradicionais do Sul do pa\u00eds. Os visitantes poder\u00e3o adquirir queijos trufados, mu\u00e7arelas tran\u00e7adas com e sem tempero, queijos frescais, defumados, salames, vinhos e sucos de uva para os mais diversos gostos.<\/p>\n<p><strong>Chocolates de Gramado<\/strong> \u2013 expositores da feira desde suas primeiras edi\u00e7\u00f5es, os tradicionais Chocolates de Gramado t\u00eam diversas op\u00e7\u00f5es para quem quer desde uma simples barrinha at\u00e9 um caf\u00e9 gourmet, com a qualidade das grandes chocolatarias do Sul.<\/p>\n<p><strong>Moda<\/strong> \u2013 Jaquetas, botas, bolsas e cintos em couro, chap\u00e9us, malharias, moda outono\/inverno, cal\u00e7ados, bijuterias e semijoias, entre diversos produtos masculinos, femininos e infantis.<\/p>\n<p><strong>Utens\u00edlios dom\u00e9sticos<\/strong> \u2013 facas (feitas artesanalmente no estado do Paran\u00e1 e vendidas somente nas feiras), panelas e diversos itens para a cozinha e decora\u00e7\u00e3o.<\/p>\n<p><strong>Pra\u00e7a de Alimenta\u00e7\u00e3o<\/strong> \u2013 os visitantes poder\u00e3o saborear o tradicional churrasco ga\u00facho \u00e0 moda fogo de ch\u00e3o em cortes bovinos e ovinos, com op\u00e7\u00f5es de acompanhamentos como mandioca, arroz de carreteiro e feij\u00e3o tropeiro.<\/p>\n<p>&nbsp;<\/p>\n<p><strong>\u00a0<\/strong><strong>Programa\u00e7\u00e3o Cultural<\/strong><\/p>\n<p>O grupo Adaga de dan\u00e7as ga\u00fachas se apresenta em todos os dias da feira, com shows duas vezes ao dia nos finais de semana. Nos dias 27, 28 e 29 de agosto, o Grupo Tarantolato, de Juiz de Fora, se apresenta com dan\u00e7as tradicionais italianas. Na sexta-feira, a apresenta\u00e7\u00e3o ser\u00e1 \u00e0s 19h. No s\u00e1bado e domingo, \u00e0s 13h e \u00e0s 19h. De quinta-feira a domingo, a programa\u00e7\u00e3o tamb\u00e9m vai contar com shows sertanejos, a partir das 20h.<\/p>\n<p>A programa\u00e7\u00e3o completa est\u00e1 no site <a href=\"http:\/\/www.minastche.com.br\/\" data-saferedirecturl=\"https:\/\/www.google.com\/url?q=http:\/\/www.minastche.com.br&amp;source=gmail&amp;ust=1532462950734000&amp;usg=AFQjCNHHRm9vtOOPKMJDXIRH0W6piUtPlw\">www.minastche.com.br<\/a>.<\/p>\n<p>&nbsp;<\/p>\n<p>Fonte: Assessoria<\/p>\n","protected":false},"excerpt":{"rendered":"<p>Quem ainda n\u00e3o visitou a MinasTch\u00ea, feira de tradi\u00e7\u00f5es ga\u00fachas, tem a oportunidade de conhecer o evento gratuitamente nesta segunda e ter\u00e7a-feira. A organiza\u00e7\u00e3o est\u00e1 oferecendo cortesias para a entrada, que nos outros dias tem o valor de R$5. Para garantir o benef\u00edcio, basta acessar o site www.minastche.com.br e conferir o link sobre as cortesias, [&hellip;]<\/p>\n","protected":false},"author":96,"featured_media":112498,"comment_status":"closed","ping_status":"closed","sticky":false,"template":"","format":"standard","meta":{"footnotes":""},"categories":[253,440,439],"tags":[],"class_list":["post-112494","post","type-post","status-publish","format-standard","has-post-thumbnail","hentry","category-cidade","category-destaques-do-dia","category-ultima-hora"],"_links":{"self":[{"href":"https:\/\/diarioregionaldigital.com.br\/index.php?rest_route=\/wp\/v2\/posts\/112494","targetHints":{"allow":["GET"]}}],"collection":[{"href":"https:\/\/diarioregionaldigital.com.br\/index.php?rest_route=\/wp\/v2\/posts"}],"about":[{"href":"https:\/\/diarioregionaldigital.com.br\/index.php?rest_route=\/wp\/v2\/types\/post"}],"author":[{"embeddable":true,"href":"https:\/\/diarioregionaldigital.com.br\/index.php?rest_route=\/wp\/v2\/users\/96"}],"replies":[{"embeddable":true,"href":"https:\/\/diarioregionaldigital.com.br\/index.php?rest_route=%2Fwp%2Fv2%2Fcomments&post=112494"}],"version-history":[{"count":0,"href":"https:\/\/diarioregionaldigital.com.br\/index.php?rest_route=\/wp\/v2\/posts\/112494\/revisions"}],"wp:featuredmedia":[{"embeddable":true,"href":"https:\/\/diarioregionaldigital.com.br\/index.php?rest_route=\/wp\/v2\/media\/112498"}],"wp:attachment":[{"href":"https:\/\/diarioregionaldigital.com.br\/index.php?rest_route=%2Fwp%2Fv2%2Fmedia&parent=112494"}],"wp:term":[{"taxonomy":"category","embeddable":true,"href":"https:\/\/diarioregionaldigital.com.br\/index.php?rest_route=%2Fwp%2Fv2%2Fcategories&post=112494"},{"taxonomy":"post_tag","embeddable":true,"href":"https:\/\/diarioregionaldigital.com.br\/index.php?rest_route=%2Fwp%2Fv2%2Ftags&post=112494"}],"curies":[{"name":"wp","href":"https:\/\/api.w.org\/{rel}","templated":true}]}}