{"id":112474,"date":"2018-07-23T16:51:19","date_gmt":"2018-07-23T19:51:19","guid":{"rendered":"http:\/\/diarioregionaljf.com.br\/?p=112474"},"modified":"2018-07-23T16:51:19","modified_gmt":"2018-07-23T19:51:19","slug":"sau-e-corpo-de-bombeiros-interditam-estabelecimento-no-bairro-alto-dos-passos","status":"publish","type":"post","link":"https:\/\/diarioregionaldigital.com.br\/?p=112474","title":{"rendered":"SAU e Corpo de Bombeiros interditam estabelecimento no Bairro Alto dos Passos"},"content":{"rendered":"<p>A Secretaria de Atividades Urbanas (SAU) da Prefeitura de Juiz de Fora (PJF), por meio de seu Departamento de Fiscaliza\u00e7\u00e3o, em parceria com Corpo de Bombeiros, interditou bar no Bairro Alto dos Passos. A a\u00e7\u00e3o foi motivada pela falta de alvar\u00e1 de localiza\u00e7\u00e3o e do auto de vistoria do Corpo de Bombeiros (AVCB). De acordo com a corpora\u00e7\u00e3o, o local n\u00e3o apresentava condi\u00e7\u00f5es m\u00ednimas de seguran\u00e7a para o funcionamento. O estabelecimento, \u201cBucket Kickers\u201d, fica na Rua Padre Jo\u00e3o Em\u00edlio. A fiscaliza\u00e7\u00e3o prossegue monitorando a regi\u00e3o, e no \u00faltimo final de semana os trabalhos da equipe aconteceram sem ocorr\u00eancia.<\/p>\n<p>A interdi\u00e7\u00e3o teve como base o Artigo 102 do C\u00f3digo de Posturas do Munic\u00edpio. Segundo ele, os estabelecimentos, eventos, equipamentos ou aparelhos de qualquer natureza poder\u00e3o ser interditados, total ou parcialmente, pelo Poder Executivo.<\/p>\n<p>A medida ocorrer\u00e1 quando houver iminente risco \u00e0 sa\u00fade, seguran\u00e7a e higiene e ao meio ambiente, independentemente de outros procedimentos devidamente comprovados, ou o local n\u00e3o dispor de licen\u00e7a de funcionamento.<\/p>\n<p><b>Den\u00fancias podem ser feitas nas regionais de fiscaliza\u00e7\u00e3o da SAU, pelos telefones:<\/b><\/p>\n<p>Centro 1: 3690-7709<\/p>\n<p>Centro 2: 3690-8379<\/p>\n<p>Sul: 3690-8304<\/p>\n<p>Sudeste: 3690-8377<\/p>\n<p>Leste: 2104-8402<\/p>\n<p>Oeste: 3690-8288<\/p>\n<p>Norte: 3690-7927<\/p>\n<p>Nordeste: 3690- 7883<\/p>\n<p>&nbsp;<\/p>\n<p>Fonte: Assessoria PJF<\/p>\n","protected":false},"excerpt":{"rendered":"<p>A Secretaria de Atividades Urbanas (SAU) da Prefeitura de Juiz de Fora (PJF), por meio de seu Departamento de Fiscaliza\u00e7\u00e3o, em parceria com Corpo de Bombeiros, interditou bar no Bairro Alto dos Passos. A a\u00e7\u00e3o foi motivada pela falta de alvar\u00e1 de localiza\u00e7\u00e3o e do auto de vistoria do Corpo de Bombeiros (AVCB). De acordo [&hellip;]<\/p>\n","protected":false},"author":96,"featured_media":112478,"comment_status":"closed","ping_status":"closed","sticky":false,"template":"","format":"standard","meta":{"footnotes":""},"categories":[253,440,439],"tags":[],"class_list":["post-112474","post","type-post","status-publish","format-standard","has-post-thumbnail","hentry","category-cidade","category-destaques-do-dia","category-ultima-hora"],"_links":{"self":[{"href":"https:\/\/diarioregionaldigital.com.br\/index.php?rest_route=\/wp\/v2\/posts\/112474","targetHints":{"allow":["GET"]}}],"collection":[{"href":"https:\/\/diarioregionaldigital.com.br\/index.php?rest_route=\/wp\/v2\/posts"}],"about":[{"href":"https:\/\/diarioregionaldigital.com.br\/index.php?rest_route=\/wp\/v2\/types\/post"}],"author":[{"embeddable":true,"href":"https:\/\/diarioregionaldigital.com.br\/index.php?rest_route=\/wp\/v2\/users\/96"}],"replies":[{"embeddable":true,"href":"https:\/\/diarioregionaldigital.com.br\/index.php?rest_route=%2Fwp%2Fv2%2Fcomments&post=112474"}],"version-history":[{"count":0,"href":"https:\/\/diarioregionaldigital.com.br\/index.php?rest_route=\/wp\/v2\/posts\/112474\/revisions"}],"wp:featuredmedia":[{"embeddable":true,"href":"https:\/\/diarioregionaldigital.com.br\/index.php?rest_route=\/wp\/v2\/media\/112478"}],"wp:attachment":[{"href":"https:\/\/diarioregionaldigital.com.br\/index.php?rest_route=%2Fwp%2Fv2%2Fmedia&parent=112474"}],"wp:term":[{"taxonomy":"category","embeddable":true,"href":"https:\/\/diarioregionaldigital.com.br\/index.php?rest_route=%2Fwp%2Fv2%2Fcategories&post=112474"},{"taxonomy":"post_tag","embeddable":true,"href":"https:\/\/diarioregionaldigital.com.br\/index.php?rest_route=%2Fwp%2Fv2%2Ftags&post=112474"}],"curies":[{"name":"wp","href":"https:\/\/api.w.org\/{rel}","templated":true}]}}