{"id":112473,"date":"2018-07-23T16:08:35","date_gmt":"2018-07-23T19:08:35","guid":{"rendered":"http:\/\/diarioregionaljf.com.br\/?p=112473"},"modified":"2018-07-23T16:08:35","modified_gmt":"2018-07-23T19:08:35","slug":"instalacao-interativa-discute-o-tema-seguranca-x-privacidade-diante-das-lentes-na-sociedade-atual","status":"publish","type":"post","link":"https:\/\/diarioregionaldigital.com.br\/?p=112473","title":{"rendered":"Instala\u00e7\u00e3o interativa discute o tema seguran\u00e7a x privacidade diante das lentes na sociedade atual"},"content":{"rendered":"<p>Estamos sendo observados. Nas ruas das cidades. Nas galerias comerciais. Nas faculdades, bares, centros culturais. N\u00e3o importa para onde voc\u00ea est\u00e1 indo, muito provavelmente, vai existir uma c\u00e2mera l\u00e1 para te observar. Ou te vigiar. O que pode ser acolhedor e sinal de seguran\u00e7a para uns \u00e9 opressor para outros. Com a proposta de discutir esta enorme presen\u00e7a de c\u00e2meras em uma sociedade cada vez mais visual, o artista Rafael Ski inaugura a exposi\u00e7\u00e3o interativa &#8220;Faceless People&#8221; (pessoas sem face) n&#8217; OAndarDeBaixo, no dia 26 de julho, a partir das 18h.<\/p>\n<p>A exist\u00eancia de c\u00e2meras de vigil\u00e2ncia em espa\u00e7os de conviv\u00eancia social j\u00e1 foi e continua sendo tema de muito debate. O assunto \u00e9 sim complexo e costuma dividir opini\u00f5es. Se pensarmos ainda em celulares e outras telas como extens\u00f5es de c\u00e2meras, vamos nos dar conta de que realmente podemos ser filmados a qualquer momento em qualquer situa\u00e7\u00e3o da vida cotidiana. E nada melhor do que levantar esse debate por meio de uma exposi\u00e7\u00e3o art\u00edstica interativa para convidar todo mundo para o centro da a\u00e7\u00e3o.<\/p>\n<p>&#8220;Ser observado constantemente me d\u00e1 calafrios e me frustra quando a resposta a isso \u00e9 a m\u00e1xima de &#8216;quem n\u00e3o est\u00e1 fazendo nada de errado, n\u00e3o tem nada a esconder&#8217;. Ora, ent\u00e3o s\u00f3 os criminosos podem desejar essa t\u00e3o assaltada privacidade?&#8221;, questiona o artista Rafael Ski.<\/p>\n<p>&nbsp;<\/p>\n<p><strong>A instala\u00e7\u00e3o<\/strong><\/p>\n<p><strong>\u00a0<\/strong>Quarenta c\u00e2meras de vigil\u00e2ncia controladas por bra\u00e7os mec\u00e2nicos, um emaranhado de fios coloridos e uma televis\u00e3o comp\u00f5em a instala\u00e7\u00e3o. Enquanto o visitante caminha pela exposi\u00e7\u00e3o, todas as c\u00e2meras, ao mesmo tempo, registram seus movimentos.<\/p>\n<p>O percurso de visita\u00e7\u00e3o faz com que cada pessoa veja a sua pr\u00f3pria imagem, como se fosse um espelho, na tela da televis\u00e3o que est\u00e1 quase escondida no meio desse emaranhado de c\u00e2meras e fios. E ao ficar de frente consigo mesmo, o visitante, na verdade, n\u00e3o encontra seu rosto. Ele est\u00e1 sem face.<\/p>\n<p>Imagine o potencial efeito disso na nossa sociedade visual, cada vez mais, cercada por selfies por todos os lados. O rosto que pode ser considerado como o fator principal para identificar uma pessoa, simplesmente, n\u00e3o estar\u00e1 sendo exibido, ou refletido, na televis\u00e3o.<\/p>\n<p>Nas palavras de Ski: &#8220;O visitante se v\u00ea, cercado de c\u00e2meras, e sem um rosto. Seus olhos, nariz e boca foram removidos digitalmente, sua identidade se perdeu. Apenas um corpo a ser seguido&#8221;.<\/p>\n<p>O projeto \u00e9 financiado pela Lei Murilo Mendes, lei de incentivo \u00e0 Cultura de Juiz de Fora, e conta ainda com duas a\u00e7\u00f5es: um debate sobre a tem\u00e1tica central da exposi\u00e7\u00e3o e uma oficina sobre o microcontrolador arduino, a principal ferramenta tecnol\u00f3gica usada na instala\u00e7\u00e3o, a serem realizadas em agosto (em data a ser definida).<\/p>\n<p>Faceless People fica em cartaz at\u00e9 o dia 26 de agosto n&#8217; OAndarDeBaixo. As visitas s\u00e3o gratuitas e podem se feitas de quinta a domingo, das 18h \u00e0s 21h.<\/p>\n<p>&nbsp;<\/p>\n<p>Fonte: Assessoria<\/p>\n","protected":false},"excerpt":{"rendered":"<p>Estamos sendo observados. Nas ruas das cidades. Nas galerias comerciais. Nas faculdades, bares, centros culturais. N\u00e3o importa para onde voc\u00ea est\u00e1 indo, muito provavelmente, vai existir uma c\u00e2mera l\u00e1 para te observar. Ou te vigiar. O que pode ser acolhedor e sinal de seguran\u00e7a para uns \u00e9 opressor para outros. Com a proposta de discutir [&hellip;]<\/p>\n","protected":false},"author":96,"featured_media":112476,"comment_status":"closed","ping_status":"closed","sticky":false,"template":"","format":"standard","meta":{"footnotes":""},"categories":[256,439],"tags":[],"class_list":["post-112473","post","type-post","status-publish","format-standard","has-post-thumbnail","hentry","category-cultura","category-ultima-hora"],"_links":{"self":[{"href":"https:\/\/diarioregionaldigital.com.br\/index.php?rest_route=\/wp\/v2\/posts\/112473","targetHints":{"allow":["GET"]}}],"collection":[{"href":"https:\/\/diarioregionaldigital.com.br\/index.php?rest_route=\/wp\/v2\/posts"}],"about":[{"href":"https:\/\/diarioregionaldigital.com.br\/index.php?rest_route=\/wp\/v2\/types\/post"}],"author":[{"embeddable":true,"href":"https:\/\/diarioregionaldigital.com.br\/index.php?rest_route=\/wp\/v2\/users\/96"}],"replies":[{"embeddable":true,"href":"https:\/\/diarioregionaldigital.com.br\/index.php?rest_route=%2Fwp%2Fv2%2Fcomments&post=112473"}],"version-history":[{"count":0,"href":"https:\/\/diarioregionaldigital.com.br\/index.php?rest_route=\/wp\/v2\/posts\/112473\/revisions"}],"wp:featuredmedia":[{"embeddable":true,"href":"https:\/\/diarioregionaldigital.com.br\/index.php?rest_route=\/wp\/v2\/media\/112476"}],"wp:attachment":[{"href":"https:\/\/diarioregionaldigital.com.br\/index.php?rest_route=%2Fwp%2Fv2%2Fmedia&parent=112473"}],"wp:term":[{"taxonomy":"category","embeddable":true,"href":"https:\/\/diarioregionaldigital.com.br\/index.php?rest_route=%2Fwp%2Fv2%2Fcategories&post=112473"},{"taxonomy":"post_tag","embeddable":true,"href":"https:\/\/diarioregionaldigital.com.br\/index.php?rest_route=%2Fwp%2Fv2%2Ftags&post=112473"}],"curies":[{"name":"wp","href":"https:\/\/api.w.org\/{rel}","templated":true}]}}