{"id":112471,"date":"2018-07-23T15:56:03","date_gmt":"2018-07-23T18:56:03","guid":{"rendered":"http:\/\/diarioregionaljf.com.br\/?p=112471"},"modified":"2018-07-23T17:10:13","modified_gmt":"2018-07-23T20:10:13","slug":"inss-convoca-beneficiarios-que-nao-foram-localizados-para-pericias-medicas","status":"publish","type":"post","link":"https:\/\/diarioregionaldigital.com.br\/?p=112471","title":{"rendered":"INSS convoca benefici\u00e1rios que n\u00e3o foram localizados para per\u00edcias m\u00e9dicas"},"content":{"rendered":"<p>Mais de 178 mil segurados do aux\u00edlio-doen\u00e7a e aposentados por invalidez t\u00eam at\u00e9 o dia 13 de agosto para agendarem as per\u00edcias m\u00e9dicas de revis\u00e3o dos benef\u00edcios. O edital com a lista das pessoas que ainda n\u00e3o fizeram a revis\u00e3o e n\u00e3o foram localizadas foi publicado no Di\u00e1rio Oficial da Uni\u00e3o. De acordo com o Instituto Nacional do Seguro Social (INSS), o agendamento pode ser marcado pelo telefone 135.<\/p>\n<p>Segundo o ministro do Desenvolvimento Social, Alberto Beltrame, os benefici\u00e1rios listados s\u00e3o aqueles que n\u00e3o foram localizados pelo INSS por meio de correspond\u00eancia, por causa de uma mudan\u00e7a de endere\u00e7o ou devido ao cadastro estar incompleto. Tamb\u00e9m est\u00e3o na lista aqueles segurados que n\u00e3o agendaram a per\u00edcia no prazo determinado.<\/p>\n<p>\u201cO Minist\u00e9rio do Desenvolvimento Social tem uma grande preocupa\u00e7\u00e3o de n\u00e3o causar qualquer injusti\u00e7a em rela\u00e7\u00e3o aos benef\u00edcios, sejam de aposentadoria por invalidez, ou por aux\u00edlio-doen\u00e7a. A inten\u00e7\u00e3o do edital \u00e9 alertar as pessoas para que elas marquem a per\u00edcia e compare\u00e7am na data marcada\u201d, explica Beltrame.<\/p>\n<p>De acordo com o edital,<b> <\/b>os benefici\u00e1rios que n\u00e3o agendarem a per\u00edcia dentro do prazo de 20 dias corridos a partir da segunda-feira (23) ter\u00e3o o benef\u00edcio suspenso. Participam do processo de revis\u00e3o os benefici\u00e1rios de aux\u00edlio-doen\u00e7a e aposentadoria por invalidez que h\u00e1 mais de dois anos n\u00e3o passam por uma per\u00edcia m\u00e9dica.<\/p>\n<p>&nbsp;<\/p>\n<p>Fonte: Minist\u00e9rio do Desenvolvimento Social<\/p>\n","protected":false},"excerpt":{"rendered":"<p>Mais de 178 mil segurados do aux\u00edlio-doen\u00e7a e aposentados por invalidez t\u00eam at\u00e9 o dia 13 de agosto para agendarem as per\u00edcias m\u00e9dicas de revis\u00e3o dos benef\u00edcios. O edital com a lista das pessoas que ainda n\u00e3o fizeram a revis\u00e3o e n\u00e3o foram localizadas foi publicado no Di\u00e1rio Oficial da Uni\u00e3o. De acordo com o [&hellip;]<\/p>\n","protected":false},"author":96,"featured_media":98704,"comment_status":"closed","ping_status":"closed","sticky":false,"template":"","format":"standard","meta":{"footnotes":""},"categories":[436,261,439],"tags":[],"class_list":["post-112471","post","type-post","status-publish","format-standard","has-post-thumbnail","hentry","category-destaque-da-semana","category-economia","category-ultima-hora"],"_links":{"self":[{"href":"https:\/\/diarioregionaldigital.com.br\/index.php?rest_route=\/wp\/v2\/posts\/112471","targetHints":{"allow":["GET"]}}],"collection":[{"href":"https:\/\/diarioregionaldigital.com.br\/index.php?rest_route=\/wp\/v2\/posts"}],"about":[{"href":"https:\/\/diarioregionaldigital.com.br\/index.php?rest_route=\/wp\/v2\/types\/post"}],"author":[{"embeddable":true,"href":"https:\/\/diarioregionaldigital.com.br\/index.php?rest_route=\/wp\/v2\/users\/96"}],"replies":[{"embeddable":true,"href":"https:\/\/diarioregionaldigital.com.br\/index.php?rest_route=%2Fwp%2Fv2%2Fcomments&post=112471"}],"version-history":[{"count":0,"href":"https:\/\/diarioregionaldigital.com.br\/index.php?rest_route=\/wp\/v2\/posts\/112471\/revisions"}],"wp:featuredmedia":[{"embeddable":true,"href":"https:\/\/diarioregionaldigital.com.br\/index.php?rest_route=\/wp\/v2\/media\/98704"}],"wp:attachment":[{"href":"https:\/\/diarioregionaldigital.com.br\/index.php?rest_route=%2Fwp%2Fv2%2Fmedia&parent=112471"}],"wp:term":[{"taxonomy":"category","embeddable":true,"href":"https:\/\/diarioregionaldigital.com.br\/index.php?rest_route=%2Fwp%2Fv2%2Fcategories&post=112471"},{"taxonomy":"post_tag","embeddable":true,"href":"https:\/\/diarioregionaldigital.com.br\/index.php?rest_route=%2Fwp%2Fv2%2Ftags&post=112471"}],"curies":[{"name":"wp","href":"https:\/\/api.w.org\/{rel}","templated":true}]}}