{"id":112468,"date":"2018-07-23T15:43:48","date_gmt":"2018-07-23T18:43:48","guid":{"rendered":"http:\/\/diarioregionaljf.com.br\/?p=112468"},"modified":"2018-07-23T15:43:48","modified_gmt":"2018-07-23T18:43:48","slug":"carteira-do-idoso-garante-desconto-no-transporte-interestadual","status":"publish","type":"post","link":"https:\/\/diarioregionaldigital.com.br\/?p=112468","title":{"rendered":"Carteira do idoso garante desconto no transporte interestadual"},"content":{"rendered":"<p>O estatuto do idoso prev\u00ea que pessoas acima de 60 anos t\u00eam direito a gratuidade ou desconto nas passagens interestaduais em transportes coletivos. A carteira do idoso \u00e9 uma forma de usufruir desse benef\u00edcio.<\/p>\n<p>&#8220;Para acessar esse direito, a pessoa tem que ter mais de 60 anos e renda de at\u00e9 dois sal\u00e1rios m\u00ednimos. Quem n\u00e3o conseguir comprovar a renda, pode apresentar a carteirinha do idoso como crit\u00e9rio&#8221;, explica a analista t\u00e9cnica de Pol\u00edticas Sociais do Minist\u00e9rio do Desenvolvimento Social (MDS), Camila Cipriano.<\/p>\n<p>O estatuto tamb\u00e9m prev\u00ea que as empresas devem destinar dois assentos gratuitos para esse p\u00fablico, por linha.<\/p>\n<p>Emiss\u00e3o &#8211; A carteira do idoso pode ser emitida no Centro de Refer\u00eancia da Assist\u00eancia Social (Cras). Para tir\u00e1-la, \u00e9 necess\u00e1rio ter a carteira de identidade e o N\u00famero de Identifica\u00e7\u00e3o Social (NIS) em m\u00e3os.<\/p>\n<p>&#8220;Se a pessoa chegar ao Cras e n\u00e3o possuir registro no Cadastro \u00danico, ela ser\u00e1 encaminhada para faz\u00ea-lo. A partir da\u00ed, ser\u00e1 gerado o NIS, n\u00famero utilizado para que a carteirinha seja emitida&#8221;, esclarece Camila.<\/p>\n<p>A carteirinha do idoso leva 90 dias para ser gerada. Enquanto isso, o cidad\u00e3o pode utilizar uma declara\u00e7\u00e3o provis\u00f3ria, que tem validade de 180 dias.<\/p>\n<p>&nbsp;<\/p>\n<p>Fonte: Assessoria Minist\u00e9rio\u00a0 do Desenvolvimento Social<\/p>\n","protected":false},"excerpt":{"rendered":"<p>O estatuto do idoso prev\u00ea que pessoas acima de 60 anos t\u00eam direito a gratuidade ou desconto nas passagens interestaduais em transportes coletivos. A carteira do idoso \u00e9 uma forma de usufruir desse benef\u00edcio. &#8220;Para acessar esse direito, a pessoa tem que ter mais de 60 anos e renda de at\u00e9 dois sal\u00e1rios m\u00ednimos. Quem [&hellip;]<\/p>\n","protected":false},"author":96,"featured_media":112469,"comment_status":"closed","ping_status":"closed","sticky":false,"template":"","format":"standard","meta":{"footnotes":""},"categories":[302,436,439],"tags":[],"class_list":["post-112468","post","type-post","status-publish","format-standard","has-post-thumbnail","hentry","category-brasil-mundo","category-destaque-da-semana","category-ultima-hora"],"_links":{"self":[{"href":"https:\/\/diarioregionaldigital.com.br\/index.php?rest_route=\/wp\/v2\/posts\/112468","targetHints":{"allow":["GET"]}}],"collection":[{"href":"https:\/\/diarioregionaldigital.com.br\/index.php?rest_route=\/wp\/v2\/posts"}],"about":[{"href":"https:\/\/diarioregionaldigital.com.br\/index.php?rest_route=\/wp\/v2\/types\/post"}],"author":[{"embeddable":true,"href":"https:\/\/diarioregionaldigital.com.br\/index.php?rest_route=\/wp\/v2\/users\/96"}],"replies":[{"embeddable":true,"href":"https:\/\/diarioregionaldigital.com.br\/index.php?rest_route=%2Fwp%2Fv2%2Fcomments&post=112468"}],"version-history":[{"count":0,"href":"https:\/\/diarioregionaldigital.com.br\/index.php?rest_route=\/wp\/v2\/posts\/112468\/revisions"}],"wp:featuredmedia":[{"embeddable":true,"href":"https:\/\/diarioregionaldigital.com.br\/index.php?rest_route=\/wp\/v2\/media\/112469"}],"wp:attachment":[{"href":"https:\/\/diarioregionaldigital.com.br\/index.php?rest_route=%2Fwp%2Fv2%2Fmedia&parent=112468"}],"wp:term":[{"taxonomy":"category","embeddable":true,"href":"https:\/\/diarioregionaldigital.com.br\/index.php?rest_route=%2Fwp%2Fv2%2Fcategories&post=112468"},{"taxonomy":"post_tag","embeddable":true,"href":"https:\/\/diarioregionaldigital.com.br\/index.php?rest_route=%2Fwp%2Fv2%2Ftags&post=112468"}],"curies":[{"name":"wp","href":"https:\/\/api.w.org\/{rel}","templated":true}]}}