{"id":112464,"date":"2018-07-23T15:30:56","date_gmt":"2018-07-23T18:30:56","guid":{"rendered":"http:\/\/diarioregionaljf.com.br\/?p=112464"},"modified":"2018-07-23T15:30:56","modified_gmt":"2018-07-23T18:30:56","slug":"obra-da-nova-estacao-elevatoria-de-esgoto-da-cesama-ja-esta-em-fase-final-de-execucao","status":"publish","type":"post","link":"https:\/\/diarioregionaldigital.com.br\/?p=112464","title":{"rendered":"Obra da nova esta\u00e7\u00e3o elevat\u00f3ria de esgoto da Cesama j\u00e1 est\u00e1 em fase final de execu\u00e7\u00e3o"},"content":{"rendered":"<p>As obras de despolui\u00e7\u00e3o do Rio Paraibuna seguem em diversos pontos da cidade. Or\u00e7ado em mais de R$ 130 milh\u00f5es, o conjunto de a\u00e7\u00f5es prev\u00ea ainda a constru\u00e7\u00e3o de mais cinco esta\u00e7\u00f5es elevat\u00f3rias, cujo objetivo \u00e9 bombear efluentes nas regi\u00f5es mais \u00edngremes. Uma delas j\u00e1 est\u00e1 em fase final de execu\u00e7\u00e3o, na Avenida Brasil, nas proximidades do Viaduto Augusto Franco, no Centro.<\/p>\n<p>De acordo com o diretor de desenvolvimento e expans\u00e3o da Companhia de Saneamento Municipal (Cesama), Marcelo Mello do Amaral, a unidade est\u00e1 recebendo o enchimento do piso do seu po\u00e7o \u00famido, onde o esgoto ser\u00e1 captado pelas bombas. A previs\u00e3o \u00e9 de que esta fase dos trabalhos seja finalizada em agosto: \u201cEssa unidade transportar\u00e1 at\u00e9 \u00e0 Avenida Francisco Valadares o material que antes polu\u00eda nossos c\u00f3rregos. De l\u00e1, ele descer\u00e1, por gravidade, at\u00e9 a segunda esta\u00e7\u00e3o elevat\u00f3ria, no Bairro Vila Ideal, a maior unidade dentre as cinco previstas, para ent\u00e3o chegar \u00e0 nova Esta\u00e7\u00e3o de Tratamento de Esgoto (ETE) Uni\u00e3o-Ind\u00fastria, j\u00e1 implantada no Bairro Granjas Bethel\u201d.<\/p>\n<p>Al\u00e9m da esta\u00e7\u00e3o, a Cesama d\u00e1 continuidade \u00e0 implanta\u00e7\u00e3o de interceptores ao longo do Rio Paraibuna, por meio de t\u00faneis subterr\u00e2neos pr\u00f3ximos ao pr\u00e9dio da Prefeitura de Juiz de Fora (PJF), e coletores de esgoto nas margens dos c\u00f3rregos S\u00e3o Pedro e Tapera. Est\u00e3o previstas ainda uma nova ETE no Bairro Santa Luzia e a amplia\u00e7\u00e3o das esta\u00e7\u00f5es de tratamento de Barbosa Lage e Barreira do Triunfo.<\/p>\n<p>&nbsp;<\/p>\n<p>Fonte: Assessoria PJF<\/p>\n","protected":false},"excerpt":{"rendered":"<p>As obras de despolui\u00e7\u00e3o do Rio Paraibuna seguem em diversos pontos da cidade. Or\u00e7ado em mais de R$ 130 milh\u00f5es, o conjunto de a\u00e7\u00f5es prev\u00ea ainda a constru\u00e7\u00e3o de mais cinco esta\u00e7\u00f5es elevat\u00f3rias, cujo objetivo \u00e9 bombear efluentes nas regi\u00f5es mais \u00edngremes. Uma delas j\u00e1 est\u00e1 em fase final de execu\u00e7\u00e3o, na Avenida Brasil, nas [&hellip;]<\/p>\n","protected":false},"author":96,"featured_media":112465,"comment_status":"closed","ping_status":"closed","sticky":false,"template":"","format":"standard","meta":{"footnotes":""},"categories":[253,440,439],"tags":[],"class_list":["post-112464","post","type-post","status-publish","format-standard","has-post-thumbnail","hentry","category-cidade","category-destaques-do-dia","category-ultima-hora"],"_links":{"self":[{"href":"https:\/\/diarioregionaldigital.com.br\/index.php?rest_route=\/wp\/v2\/posts\/112464","targetHints":{"allow":["GET"]}}],"collection":[{"href":"https:\/\/diarioregionaldigital.com.br\/index.php?rest_route=\/wp\/v2\/posts"}],"about":[{"href":"https:\/\/diarioregionaldigital.com.br\/index.php?rest_route=\/wp\/v2\/types\/post"}],"author":[{"embeddable":true,"href":"https:\/\/diarioregionaldigital.com.br\/index.php?rest_route=\/wp\/v2\/users\/96"}],"replies":[{"embeddable":true,"href":"https:\/\/diarioregionaldigital.com.br\/index.php?rest_route=%2Fwp%2Fv2%2Fcomments&post=112464"}],"version-history":[{"count":0,"href":"https:\/\/diarioregionaldigital.com.br\/index.php?rest_route=\/wp\/v2\/posts\/112464\/revisions"}],"wp:featuredmedia":[{"embeddable":true,"href":"https:\/\/diarioregionaldigital.com.br\/index.php?rest_route=\/wp\/v2\/media\/112465"}],"wp:attachment":[{"href":"https:\/\/diarioregionaldigital.com.br\/index.php?rest_route=%2Fwp%2Fv2%2Fmedia&parent=112464"}],"wp:term":[{"taxonomy":"category","embeddable":true,"href":"https:\/\/diarioregionaldigital.com.br\/index.php?rest_route=%2Fwp%2Fv2%2Fcategories&post=112464"},{"taxonomy":"post_tag","embeddable":true,"href":"https:\/\/diarioregionaldigital.com.br\/index.php?rest_route=%2Fwp%2Fv2%2Ftags&post=112464"}],"curies":[{"name":"wp","href":"https:\/\/api.w.org\/{rel}","templated":true}]}}