{"id":112459,"date":"2018-07-23T15:25:26","date_gmt":"2018-07-23T18:25:26","guid":{"rendered":"http:\/\/diarioregionaljf.com.br\/?p=112459"},"modified":"2018-07-23T15:25:26","modified_gmt":"2018-07-23T18:25:26","slug":"uso-de-tecnicas-de-bioconstrucao-no-minha-casa-minha-vida-pode-ser-permitido","status":"publish","type":"post","link":"https:\/\/diarioregionaldigital.com.br\/?p=112459","title":{"rendered":"Uso de t\u00e9cnicas de bioconstru\u00e7\u00e3o no Minha Casa Minha Vida pode ser permitido"},"content":{"rendered":"<p>Uma proposta que inclui no Programa Minha Casa Minha Vida o financiamento de im\u00f3veis que utilizem t\u00e9cnicas de bioconstru\u00e7\u00e3o aguarda indica\u00e7\u00e3o de relator na Comiss\u00e3o de Meio Ambiente (CMA). O projeto (PLS 296\/2018) foi apresentado pelo senador Randolfe Rodrigues (Rede-AP) a pedido de movimentos mobilizados em favor da promo\u00e7\u00e3o da habita\u00e7\u00e3o popular acess\u00edvel e sustent\u00e1vel.<\/p>\n<p>De acordo com Randolfe, o Minha Casa Minha Vida privilegia materiais e sistemas construtivos convencionais, deixando de se apropriar dos conhecimentos gerados pelas pr\u00f3prias comunidades locais beneficiadas, especialmente no que se refere ao uso de t\u00e9cnicas de bioconstru\u00e7\u00e3o, como, por exemplo, adobe, taipa, solocimento, ferrocimento e bambu.<\/p>\n<p>\u201cO uso dessas t\u00e9cnicas pode reduzir custos, especialmente nas localidades em que o transporte de materiais tradicionais, como areia, cimento e tijolos \u00e9 mais caro. Al\u00e9m disso, as obras ser\u00e3o executadas com menor impacto sobre o meio ambiente e com maior engajamento da comunidade beneficiada, gerando reflexos positivos para as gera\u00e7\u00f5es atual e futuras\u201d, argumenta o senador na justificativa do projeto.<\/p>\n<p>Al\u00e9m da Comiss\u00e3o de Meio Ambiente, o projeto passar\u00e1 tamb\u00e9m pela Comiss\u00e3o de Desenvolvimento Regional e Turismo (CDR), onde receber\u00e1 decis\u00e3o final.<\/p>\n<p>&nbsp;<\/p>\n<p>Fonte: Ag\u00eancia Senado<\/p>\n","protected":false},"excerpt":{"rendered":"<p>Uma proposta que inclui no Programa Minha Casa Minha Vida o financiamento de im\u00f3veis que utilizem t\u00e9cnicas de bioconstru\u00e7\u00e3o aguarda indica\u00e7\u00e3o de relator na Comiss\u00e3o de Meio Ambiente (CMA). O projeto (PLS 296\/2018) foi apresentado pelo senador Randolfe Rodrigues (Rede-AP) a pedido de movimentos mobilizados em favor da promo\u00e7\u00e3o da habita\u00e7\u00e3o popular acess\u00edvel e sustent\u00e1vel. [&hellip;]<\/p>\n","protected":false},"author":96,"featured_media":112462,"comment_status":"closed","ping_status":"closed","sticky":false,"template":"","format":"standard","meta":{"footnotes":""},"categories":[436,254,439],"tags":[],"class_list":["post-112459","post","type-post","status-publish","format-standard","has-post-thumbnail","hentry","category-destaque-da-semana","category-politica","category-ultima-hora"],"_links":{"self":[{"href":"https:\/\/diarioregionaldigital.com.br\/index.php?rest_route=\/wp\/v2\/posts\/112459","targetHints":{"allow":["GET"]}}],"collection":[{"href":"https:\/\/diarioregionaldigital.com.br\/index.php?rest_route=\/wp\/v2\/posts"}],"about":[{"href":"https:\/\/diarioregionaldigital.com.br\/index.php?rest_route=\/wp\/v2\/types\/post"}],"author":[{"embeddable":true,"href":"https:\/\/diarioregionaldigital.com.br\/index.php?rest_route=\/wp\/v2\/users\/96"}],"replies":[{"embeddable":true,"href":"https:\/\/diarioregionaldigital.com.br\/index.php?rest_route=%2Fwp%2Fv2%2Fcomments&post=112459"}],"version-history":[{"count":0,"href":"https:\/\/diarioregionaldigital.com.br\/index.php?rest_route=\/wp\/v2\/posts\/112459\/revisions"}],"wp:featuredmedia":[{"embeddable":true,"href":"https:\/\/diarioregionaldigital.com.br\/index.php?rest_route=\/wp\/v2\/media\/112462"}],"wp:attachment":[{"href":"https:\/\/diarioregionaldigital.com.br\/index.php?rest_route=%2Fwp%2Fv2%2Fmedia&parent=112459"}],"wp:term":[{"taxonomy":"category","embeddable":true,"href":"https:\/\/diarioregionaldigital.com.br\/index.php?rest_route=%2Fwp%2Fv2%2Fcategories&post=112459"},{"taxonomy":"post_tag","embeddable":true,"href":"https:\/\/diarioregionaldigital.com.br\/index.php?rest_route=%2Fwp%2Fv2%2Ftags&post=112459"}],"curies":[{"name":"wp","href":"https:\/\/api.w.org\/{rel}","templated":true}]}}