{"id":112434,"date":"2018-07-23T13:30:07","date_gmt":"2018-07-23T16:30:07","guid":{"rendered":"http:\/\/diarioregionaljf.com.br\/?p=112434"},"modified":"2018-07-23T13:35:31","modified_gmt":"2018-07-23T16:35:31","slug":"oms-epidemia-de-aids-nao-tera-fim-sem-acoes-direcionadas","status":"publish","type":"post","link":"https:\/\/diarioregionaldigital.com.br\/?p=112434","title":{"rendered":"OMS: epidemia de aids n\u00e3o ter\u00e1 fim sem a\u00e7\u00f5es direcionadas"},"content":{"rendered":"<p>O diretor-geral da Organiza\u00e7\u00e3o Mundial da Sa\u00fade (OMS), Tedros Adhanom Ghebreyesus, disse hoje (23) que a epidemia de HIV no mundo n\u00e3o ter\u00e1 fim sem que haja pol\u00edticas direcionadas para\u00a0as chamadas popula\u00e7\u00f5es-chave \u2013 sobretudo gays, homens que fazem sexo com homens, trabalhadores do sexo, usu\u00e1rios de drogas e popula\u00e7\u00e3o LGBT (l\u00e9sbicas, gays, bissexuais,\u00a0transsexuais e transg\u00eaneros).<\/p>\n<p>\u201cA melhor forma de abordar todo o espectro de suas necessidades de sa\u00fade \u00e9 por meio de sistemas de sa\u00fade fortes baseados numa aten\u00e7\u00e3o prim\u00e1ria centrada nas pessoas e que seja direcionada para alcan\u00e7ar sa\u00fade para todos\u201d, publicou Tedros em seu perfil na rede social Twitter.<\/p>\n<p>O diretor-geral da OMS participa nessa segunda-feira, 23, da cerim\u00f4nia de abertura da 22\u00aa\u00a0Confer\u00eancia Internacional sobre Aids, que ocorre at\u00e9 a pr\u00f3xima sexta-feira, 27, em Amsterd\u00e3, na Holanda. O encontro \u00e9 considerado o maior do mundo sobre o tema e deve reunir especialistas em ci\u00eancia, direitos humanos e defesa dos interesses de quem vive com HIV.<\/p>\n<p>O tema deste ano \u00e9 Quebrando Barreiras, Construindo Pontes. A proposta \u00e9 chamar a aten\u00e7\u00e3o para desafios como estigma, preconceito e outros problemas enfrentados por quem vive com o v\u00edrus em algumas partes do mundo, incluindo popula\u00e7\u00f5es-chave do leste europeu e da \u00c1sia Central, assim como do Oriente M\u00e9dio e do Norte da \u00c1frica.<\/p>\n<h5>N\u00fameros<\/h5>\n<p>Dados da OMS revelam que homens que fazem sexo com homens, trabalhadores do sexo, pessoas transexuais, usu\u00e1rios de drogas e pessoas encarceradas respondem por 40% das novas infec\u00e7\u00f5es por HIV registradas em 2016.<\/p>\n<p>&nbsp;<\/p>\n<p>Fonte: Ag\u00eancia Brasil<\/p>\n","protected":false},"excerpt":{"rendered":"<p>O diretor-geral da Organiza\u00e7\u00e3o Mundial da Sa\u00fade (OMS), Tedros Adhanom Ghebreyesus, disse hoje (23) que a epidemia de HIV no mundo n\u00e3o ter\u00e1 fim sem que haja pol\u00edticas direcionadas para\u00a0as chamadas popula\u00e7\u00f5es-chave \u2013 sobretudo gays, homens que fazem sexo com homens, trabalhadores do sexo, usu\u00e1rios de drogas e popula\u00e7\u00e3o LGBT (l\u00e9sbicas, gays, bissexuais,\u00a0transsexuais e transg\u00eaneros). [&hellip;]<\/p>\n","protected":false},"author":96,"featured_media":112436,"comment_status":"closed","ping_status":"closed","sticky":false,"template":"","format":"standard","meta":{"footnotes":""},"categories":[302,436,439],"tags":[],"class_list":["post-112434","post","type-post","status-publish","format-standard","has-post-thumbnail","hentry","category-brasil-mundo","category-destaque-da-semana","category-ultima-hora"],"_links":{"self":[{"href":"https:\/\/diarioregionaldigital.com.br\/index.php?rest_route=\/wp\/v2\/posts\/112434","targetHints":{"allow":["GET"]}}],"collection":[{"href":"https:\/\/diarioregionaldigital.com.br\/index.php?rest_route=\/wp\/v2\/posts"}],"about":[{"href":"https:\/\/diarioregionaldigital.com.br\/index.php?rest_route=\/wp\/v2\/types\/post"}],"author":[{"embeddable":true,"href":"https:\/\/diarioregionaldigital.com.br\/index.php?rest_route=\/wp\/v2\/users\/96"}],"replies":[{"embeddable":true,"href":"https:\/\/diarioregionaldigital.com.br\/index.php?rest_route=%2Fwp%2Fv2%2Fcomments&post=112434"}],"version-history":[{"count":0,"href":"https:\/\/diarioregionaldigital.com.br\/index.php?rest_route=\/wp\/v2\/posts\/112434\/revisions"}],"wp:featuredmedia":[{"embeddable":true,"href":"https:\/\/diarioregionaldigital.com.br\/index.php?rest_route=\/wp\/v2\/media\/112436"}],"wp:attachment":[{"href":"https:\/\/diarioregionaldigital.com.br\/index.php?rest_route=%2Fwp%2Fv2%2Fmedia&parent=112434"}],"wp:term":[{"taxonomy":"category","embeddable":true,"href":"https:\/\/diarioregionaldigital.com.br\/index.php?rest_route=%2Fwp%2Fv2%2Fcategories&post=112434"},{"taxonomy":"post_tag","embeddable":true,"href":"https:\/\/diarioregionaldigital.com.br\/index.php?rest_route=%2Fwp%2Fv2%2Ftags&post=112434"}],"curies":[{"name":"wp","href":"https:\/\/api.w.org\/{rel}","templated":true}]}}