{"id":112430,"date":"2018-07-23T13:08:46","date_gmt":"2018-07-23T16:08:46","guid":{"rendered":"http:\/\/diarioregionaljf.com.br\/?p=112430"},"modified":"2018-07-23T13:08:46","modified_gmt":"2018-07-23T16:08:46","slug":"termina-hoje-prazo-para-candidatos-ao-prouni-entregarem-documentos","status":"publish","type":"post","link":"https:\/\/diarioregionaldigital.com.br\/?p=112430","title":{"rendered":"Termina hoje prazo para candidatos ao ProUni entregarem documentos"},"content":{"rendered":"<p>Termina nesta segunda-feira, 23, o prazo para os candidatos pr\u00e9-selecionados na segunda chamada do Programa Universidade para Todos (ProUni) apresentarem nas institui\u00e7\u00f5es de ensino os documentos que comprovem as informa\u00e7\u00f5es prestadas no momento da inscri\u00e7\u00e3o. Essa chamada se refere \u00e0 sele\u00e7\u00e3o do segundo semestre de 2018.<\/p>\n<p>A pr\u00e9-sele\u00e7\u00e3o assegura ao candidato apenas a expectativa de direito \u00e0 bolsa. Aquele que estiver na lista deve ir \u00e0 institui\u00e7\u00e3o de ensino com a documenta\u00e7\u00e3o necess\u00e1ria, que est\u00e1 descrita na p\u00e1gina do ProUni na internet.<\/p>\n<p>O candidato deve verificar, na institui\u00e7\u00e3o, os hor\u00e1rios e o local de comparecimento para a aferi\u00e7\u00e3o das informa\u00e7\u00f5es. A perda do prazo ou a n\u00e3o comprova\u00e7\u00e3o das informa\u00e7\u00f5es implicar\u00e3o, automaticamente, na reprova\u00e7\u00e3o do candidato.<\/p>\n<p>Quem n\u00e3o foi selecionado em nenhuma das chamadas pode aderir \u00e0 lista de espera nos dias 30 e 31 de julho, na p\u00e1gina do ProUni. A lista de espera ser\u00e1 divulgada no dia 2 de agosto.<\/p>\n<p>O ProUni oferece bolsas de estudo em institui\u00e7\u00f5es privadas de ensino superior. Ao todo, neste processo seletivo, ser\u00e3o ofertadas 174.289 bolsas, sendo 68.884 integrais e 105.405 parciais, em 1.460 institui\u00e7\u00f5es.<\/p>\n<p>&nbsp;<\/p>\n<p>Fonte: Ag\u00eancia Brasil<\/p>\n","protected":false},"excerpt":{"rendered":"<p>Termina nesta segunda-feira, 23, o prazo para os candidatos pr\u00e9-selecionados na segunda chamada do Programa Universidade para Todos (ProUni) apresentarem nas institui\u00e7\u00f5es de ensino os documentos que comprovem as informa\u00e7\u00f5es prestadas no momento da inscri\u00e7\u00e3o. Essa chamada se refere \u00e0 sele\u00e7\u00e3o do segundo semestre de 2018. A pr\u00e9-sele\u00e7\u00e3o assegura ao candidato apenas a expectativa de [&hellip;]<\/p>\n","protected":false},"author":96,"featured_media":112431,"comment_status":"closed","ping_status":"closed","sticky":false,"template":"","format":"standard","meta":{"footnotes":""},"categories":[302,440,439],"tags":[],"class_list":["post-112430","post","type-post","status-publish","format-standard","has-post-thumbnail","hentry","category-brasil-mundo","category-destaques-do-dia","category-ultima-hora"],"_links":{"self":[{"href":"https:\/\/diarioregionaldigital.com.br\/index.php?rest_route=\/wp\/v2\/posts\/112430","targetHints":{"allow":["GET"]}}],"collection":[{"href":"https:\/\/diarioregionaldigital.com.br\/index.php?rest_route=\/wp\/v2\/posts"}],"about":[{"href":"https:\/\/diarioregionaldigital.com.br\/index.php?rest_route=\/wp\/v2\/types\/post"}],"author":[{"embeddable":true,"href":"https:\/\/diarioregionaldigital.com.br\/index.php?rest_route=\/wp\/v2\/users\/96"}],"replies":[{"embeddable":true,"href":"https:\/\/diarioregionaldigital.com.br\/index.php?rest_route=%2Fwp%2Fv2%2Fcomments&post=112430"}],"version-history":[{"count":0,"href":"https:\/\/diarioregionaldigital.com.br\/index.php?rest_route=\/wp\/v2\/posts\/112430\/revisions"}],"wp:featuredmedia":[{"embeddable":true,"href":"https:\/\/diarioregionaldigital.com.br\/index.php?rest_route=\/wp\/v2\/media\/112431"}],"wp:attachment":[{"href":"https:\/\/diarioregionaldigital.com.br\/index.php?rest_route=%2Fwp%2Fv2%2Fmedia&parent=112430"}],"wp:term":[{"taxonomy":"category","embeddable":true,"href":"https:\/\/diarioregionaldigital.com.br\/index.php?rest_route=%2Fwp%2Fv2%2Fcategories&post=112430"},{"taxonomy":"post_tag","embeddable":true,"href":"https:\/\/diarioregionaldigital.com.br\/index.php?rest_route=%2Fwp%2Fv2%2Ftags&post=112430"}],"curies":[{"name":"wp","href":"https:\/\/api.w.org\/{rel}","templated":true}]}}