{"id":112427,"date":"2018-07-23T12:51:33","date_gmt":"2018-07-23T15:51:33","guid":{"rendered":"http:\/\/diarioregionaljf.com.br\/?p=112427"},"modified":"2018-07-23T12:51:33","modified_gmt":"2018-07-23T15:51:33","slug":"reajustes-de-anuidade-do-cartao-de-credito-deverao-constar-na-fatura-mensal","status":"publish","type":"post","link":"https:\/\/diarioregionaldigital.com.br\/?p=112427","title":{"rendered":"Reajustes de anuidade do cart\u00e3o de cr\u00e9dito dever\u00e3o constar na fatura mensal"},"content":{"rendered":"<p>As empresas emissoras de cart\u00e3o de cr\u00e9dito dever\u00e3o informar o valor da anuidade cobrada diretamente na fatura mensal enviada ao consumidor, assim como a data de validade do valor da anuidade vigente. E os reajustes dos valores dessas anuidades devem ser comunicados em at\u00e9 45 dias antes da entrada em vigor.<\/p>\n<p>Essas determina\u00e7\u00f5es est\u00e3o no PLS 127\/2018, do senador Paulo Bauer (PSDB-SC), que ter\u00e1 avalia\u00e7\u00e3o terminativa na Comiss\u00e3o de Transpar\u00eancia, Governan\u00e7a, Fiscaliza\u00e7\u00e3o e Controle e Defesa do Consumidor (CTFC).<\/p>\n<p>Segundo Paulo Bauer, h\u00e1 muitas reclama\u00e7\u00f5es de consumidores em rela\u00e7\u00e3o a mudan\u00e7as nos valores cobrados pelas administradoras de cart\u00f5es de cr\u00e9dito. Apesar de a regulamenta\u00e7\u00e3o do Conselho Monet\u00e1rio Nacional (CMN) j\u00e1 prever um prazo de 45 dias de anteced\u00eancia para a divulga\u00e7\u00e3o do aumento e cobran\u00e7a de nova tarifa para os servi\u00e7os, os cidad\u00e3os s\u00e3o sempre surpreendidos, afirma o senador.<\/p>\n<p>Bauer justifica que o projeto est\u00e1 em conson\u00e2ncia com os princ\u00edpios da transpar\u00eancia das rela\u00e7\u00f5es de consumo e do reconhecimento da vulnerabilidade do consumidor.<\/p>\n<p>&#8220;Muitas vezes, tais valores s\u00e3o muito mais elevados do que se pagava, o que pode at\u00e9 prejudicar o equil\u00edbrio or\u00e7ament\u00e1rio das fam\u00edlias de menor poder aquisitivo&#8221;, pondera, na justificativa do projeto.<\/p>\n<p>Por meio de requerimento, o senador Eduardo Lopes (PRB-RJ) solicitou que o PLS 127\/2018 tramite em conjunto com outras propostas relacionadas a cart\u00f5es de cr\u00e9dito: os projetos de lei do Senado (PLS)\u00a0400\/2016,\u00a0401\/2016 e o\u00a0342\/2017.<\/p>\n<p>&nbsp;<\/p>\n<p>Fonte: Ag\u00eancia Senado<\/p>\n","protected":false},"excerpt":{"rendered":"<p>As empresas emissoras de cart\u00e3o de cr\u00e9dito dever\u00e3o informar o valor da anuidade cobrada diretamente na fatura mensal enviada ao consumidor, assim como a data de validade do valor da anuidade vigente. E os reajustes dos valores dessas anuidades devem ser comunicados em at\u00e9 45 dias antes da entrada em vigor. Essas determina\u00e7\u00f5es est\u00e3o no [&hellip;]<\/p>\n","protected":false},"author":96,"featured_media":112428,"comment_status":"closed","ping_status":"closed","sticky":false,"template":"","format":"standard","meta":{"footnotes":""},"categories":[436,254,439],"tags":[],"class_list":["post-112427","post","type-post","status-publish","format-standard","has-post-thumbnail","hentry","category-destaque-da-semana","category-politica","category-ultima-hora"],"_links":{"self":[{"href":"https:\/\/diarioregionaldigital.com.br\/index.php?rest_route=\/wp\/v2\/posts\/112427","targetHints":{"allow":["GET"]}}],"collection":[{"href":"https:\/\/diarioregionaldigital.com.br\/index.php?rest_route=\/wp\/v2\/posts"}],"about":[{"href":"https:\/\/diarioregionaldigital.com.br\/index.php?rest_route=\/wp\/v2\/types\/post"}],"author":[{"embeddable":true,"href":"https:\/\/diarioregionaldigital.com.br\/index.php?rest_route=\/wp\/v2\/users\/96"}],"replies":[{"embeddable":true,"href":"https:\/\/diarioregionaldigital.com.br\/index.php?rest_route=%2Fwp%2Fv2%2Fcomments&post=112427"}],"version-history":[{"count":0,"href":"https:\/\/diarioregionaldigital.com.br\/index.php?rest_route=\/wp\/v2\/posts\/112427\/revisions"}],"wp:featuredmedia":[{"embeddable":true,"href":"https:\/\/diarioregionaldigital.com.br\/index.php?rest_route=\/wp\/v2\/media\/112428"}],"wp:attachment":[{"href":"https:\/\/diarioregionaldigital.com.br\/index.php?rest_route=%2Fwp%2Fv2%2Fmedia&parent=112427"}],"wp:term":[{"taxonomy":"category","embeddable":true,"href":"https:\/\/diarioregionaldigital.com.br\/index.php?rest_route=%2Fwp%2Fv2%2Fcategories&post=112427"},{"taxonomy":"post_tag","embeddable":true,"href":"https:\/\/diarioregionaldigital.com.br\/index.php?rest_route=%2Fwp%2Fv2%2Ftags&post=112427"}],"curies":[{"name":"wp","href":"https:\/\/api.w.org\/{rel}","templated":true}]}}