{"id":112422,"date":"2018-07-23T11:52:13","date_gmt":"2018-07-23T14:52:13","guid":{"rendered":"http:\/\/diarioregionaljf.com.br\/?p=112422"},"modified":"2018-07-23T11:52:44","modified_gmt":"2018-07-23T14:52:44","slug":"novo-periodo-para-saque-do-abono-salarial-2016-comeca-dia-26-de-julho","status":"publish","type":"post","link":"https:\/\/diarioregionaldigital.com.br\/?p=112422","title":{"rendered":"Novo per\u00edodo para saque do abono salarial 2016 come\u00e7a dia 26 de julho"},"content":{"rendered":"<p>O prazo para o pagamento do abono salarial ano-base 2016 foi prorrogado e os trabalhadores poder\u00e3o sacar o benef\u00edcio a partir desta quinta-feira, 26. O dinheiro ficar\u00e1 dispon\u00edvel at\u00e9 30 de dezembro. Quase 2 milh\u00f5es de trabalhadores n\u00e3o retiraram os recursos, o que corresponde a 7,97% do total de pessoas com direito ao benef\u00edcio. O valor ainda dispon\u00edvel chega a R$1,44 bilh\u00e3o.<\/p>\n<p>O pagamento do abono do PIS\/Pasep come\u00e7ou em 27 de julho de 2017 e terminou no \u00faltimo dia 29 de junho, mas foi aberto um novo per\u00edodo pelo Conselho Deliberativo do Fundo de Amparo ao Trabalhador (Codefat). Este \u00e9 o terceiro ano consecutivo em que ocorre prorroga\u00e7\u00e3o. No ano passado, essa mesma medida foi tomada.<\/p>\n<p>Os empregados da iniciativa privada, vinculados ao Programa de Integra\u00e7\u00e3o Social (PIS), sacam o dinheiro nas ag\u00eancias da Caixa Econ\u00f4mica Federal. Para saber se tem algo a receber, a consulta pode ser feita pessoalmente, pela internet ou no telefone 0800-726-0207.<\/p>\n<p>Para os funcion\u00e1rios p\u00fablicos vinculados ao Programa de Forma\u00e7\u00e3o do Patrim\u00f4nio do Servidor P\u00fablico (Pasep), a refer\u00eancia \u00e9 o Banco do Brasil, que tamb\u00e9m fornece informa\u00e7\u00f5es pessoalmente, pela internet e pelo telefone 0800-729-0001.<\/p>\n<p>Tem direito ao abono salarial quem trabalhou formalmente por pelo menos um m\u00eas em 2016 com remunera\u00e7\u00e3o m\u00e9dia de at\u00e9 dois sal\u00e1rios m\u00ednimos. O valor que cada trabalhador tem para sacar depende de quanto tempo ele trabalhou. Quem trabalhou o ano todo recebe o valor cheio, que equivale a um sal\u00e1rio m\u00ednimo (R$954). Quem trabalhou por apenas 30 dias recebe o valor m\u00ednimo, que \u00e9 R$80.<\/p>\n<p>Al\u00e9m do tempo de servi\u00e7o, para ter direito ao abono de 2016, o trabalhador deveria estar inscrito no PIS\/Pasep h\u00e1 pelo menos cinco anos e ter tido seus dados informados corretamente pelo empregador na Rela\u00e7\u00e3o Anual de Informa\u00e7\u00f5es Sociais (Rais).<\/p>\n<p>O abono salarial do PIS\/Pasep \u00e9 um benef\u00edcio pago anualmente com recursos provenientes do Fundo de Amparo ao Trabalhador (FAT), abastecido por dep\u00f3sito feitos pelos empregadores do pa\u00eds. Al\u00e9m do abono salarial, o FAT custeia o programa de Seguro-Desemprego e financia programas de desenvolvimento econ\u00f4mico. Os recursos do abono que n\u00e3o s\u00e3o sacados pelos trabalhadores no calend\u00e1rio estabelecido todos os anos retornam para o FAT, para serem usados nos demais programas.<\/p>\n<p>&nbsp;<\/p>\n<p><span style=\"font-size: 12pt;\"><strong>ABONO SALARIAL 2017<\/strong><\/span><\/p>\n<p>Vale lembrar que o pagamento do benef\u00edcio referente ao ano-base 2017 tamb\u00e9m come\u00e7a na pr\u00f3xima quinta-feira. A estimativa \u00e9 que sejam destinados R$18,1 bilh\u00f5es a 23,5 milh\u00f5es de trabalhadores.<\/p>\n<p>Conforme o calend\u00e1rio de pagamento, quem nasceu de julho a dezembro, recebe o benef\u00edcio ainda este ano. J\u00e1 os nascidos entre janeiro e junho, ter\u00e3o o recurso dispon\u00edvel para saque em 2019. Em qualquer situa\u00e7\u00e3o, o dinheiro ficar\u00e1 \u00e0 disposi\u00e7\u00e3o do trabalhador at\u00e9 28 de junho de 2019, prazo final para o recebimento.<\/p>\n<p>&nbsp;<\/p>\n<p><strong>Fonte: Ag\u00eancia Brasil<\/strong><\/p>\n","protected":false},"excerpt":{"rendered":"<p>O prazo para o pagamento do abono salarial ano-base 2016 foi prorrogado e os trabalhadores poder\u00e3o sacar o benef\u00edcio a partir desta quinta-feira, 26. O dinheiro ficar\u00e1 dispon\u00edvel at\u00e9 30 de dezembro. Quase 2 milh\u00f5es de trabalhadores n\u00e3o retiraram os recursos, o que corresponde a 7,97% do total de pessoas com direito ao benef\u00edcio. O [&hellip;]<\/p>\n","protected":false},"author":96,"featured_media":112423,"comment_status":"closed","ping_status":"closed","sticky":false,"template":"","format":"standard","meta":{"footnotes":""},"categories":[440,261],"tags":[],"class_list":["post-112422","post","type-post","status-publish","format-standard","has-post-thumbnail","hentry","category-destaques-do-dia","category-economia"],"_links":{"self":[{"href":"https:\/\/diarioregionaldigital.com.br\/index.php?rest_route=\/wp\/v2\/posts\/112422","targetHints":{"allow":["GET"]}}],"collection":[{"href":"https:\/\/diarioregionaldigital.com.br\/index.php?rest_route=\/wp\/v2\/posts"}],"about":[{"href":"https:\/\/diarioregionaldigital.com.br\/index.php?rest_route=\/wp\/v2\/types\/post"}],"author":[{"embeddable":true,"href":"https:\/\/diarioregionaldigital.com.br\/index.php?rest_route=\/wp\/v2\/users\/96"}],"replies":[{"embeddable":true,"href":"https:\/\/diarioregionaldigital.com.br\/index.php?rest_route=%2Fwp%2Fv2%2Fcomments&post=112422"}],"version-history":[{"count":0,"href":"https:\/\/diarioregionaldigital.com.br\/index.php?rest_route=\/wp\/v2\/posts\/112422\/revisions"}],"wp:featuredmedia":[{"embeddable":true,"href":"https:\/\/diarioregionaldigital.com.br\/index.php?rest_route=\/wp\/v2\/media\/112423"}],"wp:attachment":[{"href":"https:\/\/diarioregionaldigital.com.br\/index.php?rest_route=%2Fwp%2Fv2%2Fmedia&parent=112422"}],"wp:term":[{"taxonomy":"category","embeddable":true,"href":"https:\/\/diarioregionaldigital.com.br\/index.php?rest_route=%2Fwp%2Fv2%2Fcategories&post=112422"},{"taxonomy":"post_tag","embeddable":true,"href":"https:\/\/diarioregionaldigital.com.br\/index.php?rest_route=%2Fwp%2Fv2%2Ftags&post=112422"}],"curies":[{"name":"wp","href":"https:\/\/api.w.org\/{rel}","templated":true}]}}