{"id":112415,"date":"2018-07-23T10:38:30","date_gmt":"2018-07-23T13:38:30","guid":{"rendered":"http:\/\/diarioregionaljf.com.br\/?p=112415"},"modified":"2018-07-23T10:38:30","modified_gmt":"2018-07-23T13:38:30","slug":"henrique-avancini-e-jaqueline-mourao-vencem-o-brasileiro","status":"publish","type":"post","link":"https:\/\/diarioregionaldigital.com.br\/?p=112415","title":{"rendered":"Henrique Avancini e Jaqueline Mour\u00e3o vencem o Brasileiro"},"content":{"rendered":"<p>Pelo Campeonato Brasileiro de Ciclismo Mountain Bike, em Parelheiros, S\u00e3o Paulo, neste domingo, 22, apesar de alguns problemas t\u00e9cnicos, a emo\u00e7\u00e3o n\u00e3o faltou. Confirmando o bom momento, Henrique Avancini conquistou o t\u00edtulo no masculino. No feminino, depois de 10 anos parada disputando outras modalidades, Jaqueline Mour\u00e3o ficou com o t\u00edtulo.<\/p>\n<p>Depois de bons resultados chegando no segundo lugar do ranking mundial, Henrique Avancini entrou no Brasileiro de Mountain Bike buscando recuperar o t\u00edtulo. Na temporada passada,\u00a0Henrique Cocuzzi acabou ficando no primeiro lugar. Na prova deste ano, Avancini conseguiu desgarrar do grupo com os demais atletas e caminhou para a vit\u00f3ria. Cocuzzi acabou tendo problemas t\u00e9cnicos com sua bicicleta e caiu na classifica\u00e7\u00e3o.<\/p>\n<p>Com isso, o t\u00edtulo acabou ficando com Henrique Avancini, tendo Jos\u00e9 Gabriel na segunda coloca\u00e7\u00e3o e Guilherme Muller em terceiro. Cocuzzi acabou ficando entre os cinco primeiros colocados, somando pontos importantes para o ranking mundial de Ciclismo Mountain Bike.<\/p>\n<p>No feminino, Jaqueline Mour\u00e3o voltou com tudo ap\u00f3s 10 anos parada do Mountain Bike. Ap\u00f3s um per\u00edodo disputando as provas de\u00a0Biathlon, chegando a disputar tr\u00eas edi\u00e7\u00f5es das Olimp\u00edadas de Inverno, a atleta de 42 anos decidiu retornar as competi\u00e7\u00f5es de ciclismo. No Brasileiro, sua quinta competi\u00e7\u00e3o ap\u00f3s o retorno, Jaqueline conseguiu manter o ritmo durante toda a prova, liderou a maior parte do tempo e ficou com o t\u00edtulo.<\/p>\n<p>Um dos maiores nomes do Mountain Bike brasileiro, Raiza Goul\u00e3o teve problemas com a sua bicicleta e sentiu um les\u00e3o no joelho direito durante a prova, o que a deixou um pouco longe da lideran\u00e7a. Contudo a atleta se recuperou nas \u00faltimas voltas, conseguindo terminar o Brasileiro de Ciclismo Mountain Bike na segunda coloca\u00e7\u00e3o, Let\u00edcia Candido completou o p\u00f3dio feminino.<\/p>\n<p>Fonte: COB<\/p>\n","protected":false},"excerpt":{"rendered":"<p>Pelo Campeonato Brasileiro de Ciclismo Mountain Bike, em Parelheiros, S\u00e3o Paulo, neste domingo, 22, apesar de alguns problemas t\u00e9cnicos, a emo\u00e7\u00e3o n\u00e3o faltou. Confirmando o bom momento, Henrique Avancini conquistou o t\u00edtulo no masculino. No feminino, depois de 10 anos parada disputando outras modalidades, Jaqueline Mour\u00e3o ficou com o t\u00edtulo. Depois de bons resultados chegando [&hellip;]<\/p>\n","protected":false},"author":96,"featured_media":112417,"comment_status":"closed","ping_status":"closed","sticky":false,"template":"","format":"standard","meta":{"footnotes":""},"categories":[257,439],"tags":[],"class_list":["post-112415","post","type-post","status-publish","format-standard","has-post-thumbnail","hentry","category-esporte","category-ultima-hora"],"_links":{"self":[{"href":"https:\/\/diarioregionaldigital.com.br\/index.php?rest_route=\/wp\/v2\/posts\/112415","targetHints":{"allow":["GET"]}}],"collection":[{"href":"https:\/\/diarioregionaldigital.com.br\/index.php?rest_route=\/wp\/v2\/posts"}],"about":[{"href":"https:\/\/diarioregionaldigital.com.br\/index.php?rest_route=\/wp\/v2\/types\/post"}],"author":[{"embeddable":true,"href":"https:\/\/diarioregionaldigital.com.br\/index.php?rest_route=\/wp\/v2\/users\/96"}],"replies":[{"embeddable":true,"href":"https:\/\/diarioregionaldigital.com.br\/index.php?rest_route=%2Fwp%2Fv2%2Fcomments&post=112415"}],"version-history":[{"count":0,"href":"https:\/\/diarioregionaldigital.com.br\/index.php?rest_route=\/wp\/v2\/posts\/112415\/revisions"}],"wp:featuredmedia":[{"embeddable":true,"href":"https:\/\/diarioregionaldigital.com.br\/index.php?rest_route=\/wp\/v2\/media\/112417"}],"wp:attachment":[{"href":"https:\/\/diarioregionaldigital.com.br\/index.php?rest_route=%2Fwp%2Fv2%2Fmedia&parent=112415"}],"wp:term":[{"taxonomy":"category","embeddable":true,"href":"https:\/\/diarioregionaldigital.com.br\/index.php?rest_route=%2Fwp%2Fv2%2Fcategories&post=112415"},{"taxonomy":"post_tag","embeddable":true,"href":"https:\/\/diarioregionaldigital.com.br\/index.php?rest_route=%2Fwp%2Fv2%2Ftags&post=112415"}],"curies":[{"name":"wp","href":"https:\/\/api.w.org\/{rel}","templated":true}]}}