{"id":112412,"date":"2018-07-23T10:35:26","date_gmt":"2018-07-23T13:35:26","guid":{"rendered":"http:\/\/diarioregionaljf.com.br\/?p=112412"},"modified":"2018-07-23T10:35:26","modified_gmt":"2018-07-23T13:35:26","slug":"selecao-feminina-convocada-para-torneio-das-nacoes","status":"publish","type":"post","link":"https:\/\/diarioregionaldigital.com.br\/?p=112412","title":{"rendered":"Sele\u00e7\u00e3o Feminina convocada para Torneio das Na\u00e7\u00f5es"},"content":{"rendered":"<p>O t\u00e9cnico da Sele\u00e7\u00e3o Brasileira Feminina, Vad\u00e3o, convocou, nesta sexta-feira, 20, 23 jogadoras para Torneio das Na\u00e7\u00f5es, que ser\u00e1 disputado nos Estados Unidos de 26 de julho a 2 de agosto. Na primeira rodada, no dia 26, o Brasil enfrenta a Austr\u00e1lia, no\u00a0Children\u2019s Mercy Park, em\u00a0Kansas City, \u00e0s 17h15 (de Bras\u00edlia). O segundo\u00a0confronto ser\u00e1 no dia 29, contra o Jap\u00e3o, no\u00a0Pratt &amp; Whitney Stadium, em\u00a0East Hartford, tamb\u00e9m \u00e0s 17h15.\u00a0As americanas ser\u00e3o as \u00faltimas advers\u00e1rias da Canarinha: dia 2 de agosto, \u00e0s 21h30, no\u00a0Toyota Park, em\u00a0Bridgeview.<\/p>\n<p><strong>Confira a convoca\u00e7\u00e3o completa:<\/strong><\/p>\n<p><strong>Goleiras<\/strong><br \/>\nAline \u2013 UDG Tenerife (Espanha)<br \/>\nB\u00e1rbara \u2013 Kindermann<br \/>\nLet\u00edcia Izidoro \u2013 Corinthians<\/p>\n<p><strong>Laterais<\/strong><br \/>\nPoliana \u2013 Orlando Pride (EUA)<br \/>\nJoyce \u2013 UDG Tenerife (Espanha)<br \/>\nTamires \u2013 Fortuna Hjorring (Dinamarca)<br \/>\nRilany \u2013 Atl\u00e9tico de Madrid (Espanha)<\/p>\n<p><strong>Zagueiras<\/strong><br \/>\nM\u00f4nica \u2013 Orlando Pride (EUA)<br \/>\nTayla \u2013 Santos<br \/>\nDaiane \u2013 Avaldsnes (Noruega)<br \/>\nKathellen \u2013 FC Girondins (Fran\u00e7a)<\/p>\n<p><strong>Meias<\/strong><br \/>\nThaisa \u2013 Sky Blue (USA)<br \/>\nAndressinha \u2013 Portland Thorns (USA)<br \/>\nJuliana \u2013 Flamengo<br \/>\nCamila \u2013 Orlando Pride (EUA)<br \/>\nRayanne \u2013 Flamengo<\/p>\n<p><strong>Atacantes<\/strong><br \/>\nAdriana \u2013 Corinthians<br \/>\nRaquel \u2013 Ferrovi\u00e1ria<br \/>\nMillene \u2013 Corinthians<br \/>\nTha\u00eds \u2013 Incheon Hyundai Steel Red Angels (Coreia do Sul)<br \/>\nBeatriz \u2013\u00a0Incheon Hyundai Steel Red Angels (Coreia do Sul)<br \/>\nDebinha \u2013 North Carolina Courage (EUA)<br \/>\nMarta \u2013 Orlando Pride (EUA)<\/p>\n<p><strong>Fonte: Olimp\u00edadas todo dia <\/strong><\/p>\n","protected":false},"excerpt":{"rendered":"<p>O t\u00e9cnico da Sele\u00e7\u00e3o Brasileira Feminina, Vad\u00e3o, convocou, nesta sexta-feira, 20, 23 jogadoras para Torneio das Na\u00e7\u00f5es, que ser\u00e1 disputado nos Estados Unidos de 26 de julho a 2 de agosto. Na primeira rodada, no dia 26, o Brasil enfrenta a Austr\u00e1lia, no\u00a0Children\u2019s Mercy Park, em\u00a0Kansas City, \u00e0s 17h15 (de Bras\u00edlia). O segundo\u00a0confronto ser\u00e1 no [&hellip;]<\/p>\n","protected":false},"author":96,"featured_media":112413,"comment_status":"closed","ping_status":"closed","sticky":false,"template":"","format":"standard","meta":{"footnotes":""},"categories":[257,439],"tags":[],"class_list":["post-112412","post","type-post","status-publish","format-standard","has-post-thumbnail","hentry","category-esporte","category-ultima-hora"],"_links":{"self":[{"href":"https:\/\/diarioregionaldigital.com.br\/index.php?rest_route=\/wp\/v2\/posts\/112412","targetHints":{"allow":["GET"]}}],"collection":[{"href":"https:\/\/diarioregionaldigital.com.br\/index.php?rest_route=\/wp\/v2\/posts"}],"about":[{"href":"https:\/\/diarioregionaldigital.com.br\/index.php?rest_route=\/wp\/v2\/types\/post"}],"author":[{"embeddable":true,"href":"https:\/\/diarioregionaldigital.com.br\/index.php?rest_route=\/wp\/v2\/users\/96"}],"replies":[{"embeddable":true,"href":"https:\/\/diarioregionaldigital.com.br\/index.php?rest_route=%2Fwp%2Fv2%2Fcomments&post=112412"}],"version-history":[{"count":0,"href":"https:\/\/diarioregionaldigital.com.br\/index.php?rest_route=\/wp\/v2\/posts\/112412\/revisions"}],"wp:featuredmedia":[{"embeddable":true,"href":"https:\/\/diarioregionaldigital.com.br\/index.php?rest_route=\/wp\/v2\/media\/112413"}],"wp:attachment":[{"href":"https:\/\/diarioregionaldigital.com.br\/index.php?rest_route=%2Fwp%2Fv2%2Fmedia&parent=112412"}],"wp:term":[{"taxonomy":"category","embeddable":true,"href":"https:\/\/diarioregionaldigital.com.br\/index.php?rest_route=%2Fwp%2Fv2%2Fcategories&post=112412"},{"taxonomy":"post_tag","embeddable":true,"href":"https:\/\/diarioregionaldigital.com.br\/index.php?rest_route=%2Fwp%2Fv2%2Ftags&post=112412"}],"curies":[{"name":"wp","href":"https:\/\/api.w.org\/{rel}","templated":true}]}}