{"id":112408,"date":"2018-07-23T10:32:07","date_gmt":"2018-07-23T13:32:07","guid":{"rendered":"http:\/\/diarioregionaljf.com.br\/?p=112408"},"modified":"2018-07-23T10:32:07","modified_gmt":"2018-07-23T13:32:07","slug":"marcos-henrique-e-o-novo-tecnico-do-jf-volei","status":"publish","type":"post","link":"https:\/\/diarioregionaldigital.com.br\/?p=112408","title":{"rendered":"Marcos Henrique \u00e9 o novo t\u00e9cnico do JF V\u00f4lei"},"content":{"rendered":"<p>O profissional, que foi auxiliar t\u00e9cnico e analista de desempenho na temporada 17\/18, assume o comando do JF V\u00f4lei<\/p>\n<p>O JF V\u00f4lei j\u00e1 tem um novo comandante contratado: Marcos Henrique do Nascimento, 29 anos. Natural de Santos-SP e formado em Educa\u00e7\u00e3o F\u00edsica pela Universidade Santa Cec\u00edlia, trabalhou como auxiliar t\u00e9cnico e analista de desempenho da equipe juiz-forana na \u00faltima temporada, chegando at\u00e9 a substituir o treinador Henrique Furtado na partida diante do Corinthians pela Superliga.<\/p>\n<p>Conhecido por trabalhar com as categorias de base, Marcos Henrique acumula passagens pelo Bento V\u00f4lei-RS e Santos-SP. Na equipe ga\u00facha, foi o treinador de algumas categorias na base e analista de desempenho do time adulto. J\u00e1 na equipe paulista, foi auxiliar t\u00e9cnico e analista do time juvenil feminino.<\/p>\n<p>&nbsp;<\/p>\n<p>De acordo com Marcos Henrique, a ideia de dar oportunidade aos jovens foi preponderante para aceitar a proposta: &#8220;A negocia\u00e7\u00e3o foi tranquila. Gostei muito do projeto e da forma transparente como as coisas s\u00e3o tratadas. A ideia de fomentar as categorias de base e dar oportunidade aos jovens me encheu os olhos, afinal minha maior experi\u00eancia vem das categorias de base. Fiquei muito feliz e grato com a oportunidade, sabendo da grande responsabilidade, mas muito confiante com o novo desafio.&#8221;<\/p>\n<p>O diretor t\u00e9cnico do JF V\u00f4lei, Mauricio Bara, elogiou o trabalho do novo treinador na \u00faltima temporada e a forma como enxerga o uso da categoria de base, justificando a escolha: &#8220;O bom trabalho desenvolvido por ele na temporada passada, tanto de auxiliar, como de analista de desempenho, era o respons\u00e1vel pelos estudos dos jogos. O momento que ficou no comando do time contra o Corinthians e prepara\u00e7\u00e3o para o duelo contra o Minas. Al\u00e9m do respeito demonstrado pelo projeto, mesmo quando n\u00e3o havia a certeza de ter uma equipe para a temporada, ele se colocou \u00e0 disposi\u00e7\u00e3o para ser o coordenador das categorias de base. Por fim, o hist\u00f3rico dele em trabalhar com a base, o que ele fez muito bem em Bento Gon\u00e7alves, e o entendimento de abrir espa\u00e7o para nossa categoria de base dentro do projeto. Uma soma de fatores importante para dar uma chance a um treinador jovem, o que \u00e9 nossa caracter\u00edstica no projeto.&#8221;<\/p>\n<p>&nbsp;<\/p>\n<p>Al\u00e9m do treinador Marcos Henrique, outros quatro profissionais j\u00e1 est\u00e3o contratados: Vinicius Figueiroa (preparador f\u00edsico &#8211; remanescente da temporada 17\/18), Lucas Mostaro (fisioterapeuta \u2013 remanescente), Fernanda Brand\u00e3o (auxiliar t\u00e9cnica) e Jos\u00e9 Augusto Pereira (auxiliar t\u00e9cnico e analista de desempenho). A prepara\u00e7\u00e3o para a disputa do Campeonato Mineiro e da Superliga B est\u00e1 prevista para come\u00e7ar no in\u00edcio de agosto.<\/p>\n<p>&nbsp;<\/p>\n<p>Fonte: Eduardo Kaehler &#8211; Assessor de Imprensa do JF V\u00f4lei<\/p>\n","protected":false},"excerpt":{"rendered":"<p>O profissional, que foi auxiliar t\u00e9cnico e analista de desempenho na temporada 17\/18, assume o comando do JF V\u00f4lei O JF V\u00f4lei j\u00e1 tem um novo comandante contratado: Marcos Henrique do Nascimento, 29 anos. Natural de Santos-SP e formado em Educa\u00e7\u00e3o F\u00edsica pela Universidade Santa Cec\u00edlia, trabalhou como auxiliar t\u00e9cnico e analista de desempenho da [&hellip;]<\/p>\n","protected":false},"author":96,"featured_media":112410,"comment_status":"closed","ping_status":"closed","sticky":false,"template":"","format":"standard","meta":{"footnotes":""},"categories":[257,439],"tags":[],"class_list":["post-112408","post","type-post","status-publish","format-standard","has-post-thumbnail","hentry","category-esporte","category-ultima-hora"],"_links":{"self":[{"href":"https:\/\/diarioregionaldigital.com.br\/index.php?rest_route=\/wp\/v2\/posts\/112408","targetHints":{"allow":["GET"]}}],"collection":[{"href":"https:\/\/diarioregionaldigital.com.br\/index.php?rest_route=\/wp\/v2\/posts"}],"about":[{"href":"https:\/\/diarioregionaldigital.com.br\/index.php?rest_route=\/wp\/v2\/types\/post"}],"author":[{"embeddable":true,"href":"https:\/\/diarioregionaldigital.com.br\/index.php?rest_route=\/wp\/v2\/users\/96"}],"replies":[{"embeddable":true,"href":"https:\/\/diarioregionaldigital.com.br\/index.php?rest_route=%2Fwp%2Fv2%2Fcomments&post=112408"}],"version-history":[{"count":0,"href":"https:\/\/diarioregionaldigital.com.br\/index.php?rest_route=\/wp\/v2\/posts\/112408\/revisions"}],"wp:featuredmedia":[{"embeddable":true,"href":"https:\/\/diarioregionaldigital.com.br\/index.php?rest_route=\/wp\/v2\/media\/112410"}],"wp:attachment":[{"href":"https:\/\/diarioregionaldigital.com.br\/index.php?rest_route=%2Fwp%2Fv2%2Fmedia&parent=112408"}],"wp:term":[{"taxonomy":"category","embeddable":true,"href":"https:\/\/diarioregionaldigital.com.br\/index.php?rest_route=%2Fwp%2Fv2%2Fcategories&post=112408"},{"taxonomy":"post_tag","embeddable":true,"href":"https:\/\/diarioregionaldigital.com.br\/index.php?rest_route=%2Fwp%2Fv2%2Ftags&post=112408"}],"curies":[{"name":"wp","href":"https:\/\/api.w.org\/{rel}","templated":true}]}}